{"id":111,"date":"2016-11-01T16:04:47","date_gmt":"2016-11-01T15:04:47","guid":{"rendered":"http:\/\/blogs.larioja.com\/objetivo-25-kilos\/?p=111"},"modified":"2016-11-01T16:04:47","modified_gmt":"2016-11-01T15:04:47","slug":"una-cuestion-de-peso","status":"publish","type":"post","link":"https:\/\/blogs.larioja.com\/objetivo-25-kilos\/2016\/11\/01\/una-cuestion-de-peso\/","title":{"rendered":"Una cuesti\u00f3n de peso"},"content":{"rendered":"<p><a href=\"\/objetivo-25-kilos\/wp-content\/uploads\/sites\/61\/2016\/11\/640fotoultima25kilos.jpg\"><img loading=\"lazy\" class=\"aligncenter size-full wp-image-112\" title=\"RIO01112016 : GENERAL : 72 : P64\" src=\"\/objetivo-25-kilos\/wp-content\/uploads\/sites\/61\/2016\/11\/640fotoultima25kilos.jpg\" alt=\"\" width=\"640\" height=\"320\" srcset=\"https:\/\/static-blogs.larioja.com\/wp-content\/uploads\/sites\/61\/2016\/11\/640fotoultima25kilos.jpg 640w, https:\/\/static-blogs.larioja.com\/wp-content\/uploads\/sites\/61\/2016\/11\/640fotoultima25kilos-300x150.jpg 300w\" sizes=\"(max-width: 640px) 100vw, 640px\" \/><\/a><\/p>\n<p>Este martes, 1 de noviembre,<strong> &#8216;Objetivo 25 kilos&#8217; ha ocupado la contraportada de Diario LA RIOJA<\/strong>. Quiero daros las <strong>gracias a todos los que est\u00e1is haciendo de este reto y este blog un \u00e9xito<\/strong>. Y quiero dar las gracias<strong> tambi\u00e9n al gran Juan Mar\u00edn, el fot\u00f3grafo que me propuso hacer la foto cada semana desde que empez\u00f3 el reto y que ha permitido ver tan gr\u00e1ficamente el cambio radical<\/strong> que ha supuesto la p\u00e9rdida de todo este peso.<\/p>\n<p>Aqu\u00ed os dejo el texto de la contraportada y unos <strong>gifs animados que ha realizado Diego Ortega<\/strong> con las fotos de Juan Mar\u00edn y en los que<strong> se aprecia, de frente y de perfil, la evidente p\u00e9rdida de volumen<\/strong>:<br \/>\n<!--more--><br \/>\n&nbsp;<\/p>\n<p><a href=\"\/objetivo-25-kilos\/wp-content\/uploads\/sites\/61\/2016\/11\/Luismi-dieta-frente-animado1.gif\"><img loading=\"lazy\" class=\"aligncenter size-full wp-image-116\" title=\"Luismi-dieta-frente animado\" src=\"\/objetivo-25-kilos\/wp-content\/uploads\/sites\/61\/2016\/11\/Luismi-dieta-frente-animado1.gif\" alt=\"\" width=\"330\" height=\"500\" \/><\/a><a href=\"\/objetivo-25-kilos\/wp-content\/uploads\/sites\/61\/2016\/11\/Luismi-dieta-perfil-animado.gif\"><img loading=\"lazy\" class=\"aligncenter size-full wp-image-117\" title=\"Luismi-dieta-perfil animado\" src=\"\/objetivo-25-kilos\/wp-content\/uploads\/sites\/61\/2016\/11\/Luismi-dieta-perfil-animado.gif\" alt=\"\" width=\"275\" height=\"500\" \/><\/a><\/p>\n<p><span style=\"text-decoration: underline;\"><strong>Una cuesti\u00f3n de peso<\/strong><\/span><br \/>\n<strong>C\u00f3mo perder 25 kilos combinando dieta sana\u00a0 y deporte<\/strong><\/p>\n<p>Lo que comenz\u00f3 siendo una conversaci\u00f3n preveraniega de caf\u00e9 sobre \u2018operaciones bikini\u2019 y \u2018dietas milagro\u2019 acab\u00f3 convirti\u00e9ndose en el blog Objetivo 25 kilos. As\u00ed. Sonoro. Contundente. <strong>Un proceso contado en primera persona, dejando atr\u00e1s verg\u00fcenzas, prejuicios y excusas<\/strong>. La <strong>apuesta<\/strong>:<strong> perder 25 kilos en un plazo de un a\u00f1o<\/strong>. El <strong>reto<\/strong>: <strong>hacerlo de forma saludable, creando h\u00e1bitos estables hasta asimilar la combinaci\u00f3n perfecta de dieta equilibrada y actividad f\u00edsica<\/strong>.<\/p>\n<p>El <strong>objetivo era harto complicado para alguien con una obesidad de grado I<\/strong>, habituado al buen yantar (mejor dicho, al mal comer), los excesos alimenticios, los desajustes horarios y con un cuerpo enmohecido y anquilosado por las arrobas de m\u00e1s y el ejercicio de menos. Y <strong>lo que parec\u00eda un sue\u00f1o imposible<\/strong>, una quimera descabellada, se ha convertido en <strong>una realidad palpable y objetiva apenas cuatro meses y medio despu\u00e9s<\/strong>. <strong>De los 122,2 kilos del lejano 14 de junio inicial he pasado a los 96,2<\/strong> de este mismo lunes.<\/p>\n<p>Si antes todo llevaba a fracasos estrepitosos con \u2018efecto rebote\u2019 como consecuencia irremediable, ahora tiene forma de pilar s\u00f3lido con una base bien asentada gracias a que, esta vez s\u00ed, <strong>empec\u00e9 la casa por los cimientos y me puse en manos de mis dos \u00e1ngeles<\/strong>. Porque <strong>este reto es cosa de tres<\/strong>. La <strong>nutricionista Paula Fern\u00e1ndez, en Nutrium<\/strong>, me ha ense\u00f1ado c\u00f3mo<strong> comer sano, sin agobios ni ansiedades<\/strong>. El <strong>preparador Roberto Molina<\/strong>, <strong>junto al equipo m\u00e9dico, f\u00edsico y fisioterap\u00e9utico del Centro Las Gaunas<\/strong>, han <strong>activado, dirigido y mimado una materia amorfa dif\u00edcil de modelar<\/strong>. Yo s\u00f3lo estoy siendo <strong>el resultado y el beneficiario<\/strong> de un <strong>trabajo profesional impagable<\/strong>.<\/p>\n<p>Ahora toca<strong> lo m\u00e1s dif\u00edcil, mantenerse<\/strong>. Y ya hay un <strong>nuevo objetivo en nuestra agenda:  la media marat\u00f3n de Diario LA RIOJA<\/strong>, el 28 de mayo del 2017. <strong>Ya nada parece imposible<\/strong>.<\/p>\n<p><a href=\"\/objetivo-25-kilos\/wp-content\/uploads\/sites\/61\/2016\/11\/contrapultima25kilos.jpg\"><img loading=\"lazy\" class=\"size-full wp-image-113 aligncenter\" title=\"RIO01112016 : GENERAL : 72 : P64\" src=\"\/objetivo-25-kilos\/wp-content\/uploads\/sites\/61\/2016\/11\/contrapultima25kilos.jpg\" alt=\"\" width=\"503\" height=\"660\" srcset=\"https:\/\/static-blogs.larioja.com\/wp-content\/uploads\/sites\/61\/2016\/11\/contrapultima25kilos.jpg 503w, https:\/\/static-blogs.larioja.com\/wp-content\/uploads\/sites\/61\/2016\/11\/contrapultima25kilos-229x300.jpg 229w\" sizes=\"(max-width: 503px) 100vw, 503px\" \/><\/a><\/p>\n","protected":false},"excerpt":{"rendered":"<p>Este martes, 1 de noviembre, &#8216;Objetivo 25 kilos&#8217; ha ocupado la contraportada de Diario LA RIOJA. Quiero daros las gracias a todos los que est\u00e1is haciendo de este reto y este blog un \u00e9xito. Y quiero dar las gracias tambi\u00e9n al gran Juan Mar\u00edn, el fot\u00f3grafo que me propuso hacer la foto cada semana desde [&hellip;]<\/p>\n","protected":false},"author":62,"featured_media":112,"comment_status":"open","ping_status":"closed","sticky":false,"template":"","format":"standard","meta":[],"categories":[2],"tags":[],"_links":{"self":[{"href":"https:\/\/blogs.larioja.com\/objetivo-25-kilos\/wp-json\/wp\/v2\/posts\/111"}],"collection":[{"href":"https:\/\/blogs.larioja.com\/objetivo-25-kilos\/wp-json\/wp\/v2\/posts"}],"about":[{"href":"https:\/\/blogs.larioja.com\/objetivo-25-kilos\/wp-json\/wp\/v2\/types\/post"}],"author":[{"embeddable":true,"href":"https:\/\/blogs.larioja.com\/objetivo-25-kilos\/wp-json\/wp\/v2\/users\/62"}],"replies":[{"embeddable":true,"href":"https:\/\/blogs.larioja.com\/objetivo-25-kilos\/wp-json\/wp\/v2\/comments?post=111"}],"version-history":[{"count":0,"href":"https:\/\/blogs.larioja.com\/objetivo-25-kilos\/wp-json\/wp\/v2\/posts\/111\/revisions"}],"wp:featuredmedia":[{"embeddable":true,"href":"https:\/\/blogs.larioja.com\/objetivo-25-kilos\/wp-json\/wp\/v2\/media\/112"}],"wp:attachment":[{"href":"https:\/\/blogs.larioja.com\/objetivo-25-kilos\/wp-json\/wp\/v2\/media?parent=111"}],"wp:term":[{"taxonomy":"category","embeddable":true,"href":"https:\/\/blogs.larioja.com\/objetivo-25-kilos\/wp-json\/wp\/v2\/categories?post=111"},{"taxonomy":"post_tag","embeddable":true,"href":"https:\/\/blogs.larioja.com\/objetivo-25-kilos\/wp-json\/wp\/v2\/tags?post=111"}],"curies":[{"name":"wp","href":"https:\/\/api.w.org\/{rel}","templated":true}]}}