{"id":120,"date":"2016-11-15T12:51:39","date_gmt":"2016-11-15T11:51:39","guid":{"rendered":"http:\/\/blogs.larioja.com\/objetivo-25-kilos\/?p=120"},"modified":"2016-11-15T12:51:39","modified_gmt":"2016-11-15T11:51:39","slug":"un-ano-para-meritxell","status":"publish","type":"post","link":"https:\/\/blogs.larioja.com\/objetivo-25-kilos\/2016\/11\/15\/un-ano-para-meritxell\/","title":{"rendered":"Un a\u00f1o para Meritxell"},"content":{"rendered":"<p><a href=\"\/objetivo-25-kilos\/wp-content\/uploads\/sites\/61\/2016\/11\/FOTOABRIL25k1.jpg\"><img loading=\"lazy\" class=\"aligncenter size-full wp-image-122\" title=\"FOTOABRIL25k\" src=\"\/objetivo-25-kilos\/wp-content\/uploads\/sites\/61\/2016\/11\/FOTOABRIL25k1.jpg\" alt=\"\" width=\"640\" height=\"452\" srcset=\"https:\/\/static-blogs.larioja.com\/wp-content\/uploads\/sites\/61\/2016\/11\/FOTOABRIL25k1.jpg 640w, https:\/\/static-blogs.larioja.com\/wp-content\/uploads\/sites\/61\/2016\/11\/FOTOABRIL25k1-300x212.jpg 300w\" sizes=\"(max-width: 640px) 100vw, 640px\" \/><\/a><\/p>\n<p>El Calendario &#8220;<strong>20MAYO #SonriendoConMeritxell<\/strong>&#8216; es una <strong>preciosa iniciativa de Nutrium<\/strong>. Much\u00edsimas gracias Paula Fernandez Gimenez y Enrique Cido por contar conmigo y hacerme part\u00edcipe de este maravilloso proyecto para sonre\u00edr tambi\u00e9n con Meritxell. <strong>Esta es una m\u00e1s, quiz\u00e1s la m\u00e1s especial por la causa a la que va dedicada, de las cosas buenas que me est\u00e1 dando &#8216;Objetivo 25 kilos&#8217;<\/strong>. <strong>Me toca ser abril<\/strong>, con una simp\u00e1tica foto en la que voy dejando atr\u00e1s toda la comida basura que me llev\u00f3 a ganar 40 kilos en mi etapa madrile\u00f1a. La dieta saludable y el deporte (<strong>insisto e insistir\u00e9 siempre en mi agradecimiento<\/strong> a <strong>Paula Fern\u00e1ndez<\/strong> y <strong><a title=\"Centro Las Gaunas\" href=\"http:\/\/www.nutriumpfg.com\/\" target=\"_blank\">Nutrium<\/a><\/strong> y a <strong>Roberto Molina<\/strong> y el<strong><a title=\"Centro Las Gaunas\" href=\"http:\/\/crdlasgaunas.es\/\" target=\"_blank\"> Centro Las Gaunas<\/a><\/strong> por ser los causantes de este cambio f\u00edsico, mental y vital). Os animo a todos a comprar el Calendario.<br \/>\nOs dejo aqu\u00ed el texto y la <strong>\u00faltima p\u00e1gina que Diario LA RIOJA dedic\u00f3 el s\u00e1bado 12 de noviembre al calendario<\/strong>.<br \/>\n<!--more--><br \/>\n<strong>Un a\u00f1o para Meritxell<\/strong><\/p>\n<p>Sonre\u00edr cada d\u00eda con Meritxell y ayudar en el duro proceso de la peque\u00f1a logro\u00f1esa de seis a\u00f1os, aquejada de la enfermedad rara de Tay-Sachs.<br \/>\nEsa era la idea que le rondaba a Paula Fern\u00e1ndez desde hace ya tiempo y que ha acabado plasmando en el calendario solidario lanzado por el Centro de Nutrici\u00f3n y Diet\u00e9tica Nutrium. En \u00e9l han colaborado deportistas y personajes de la sociedad riojana, que han posado de forma simp\u00e1tica y divertida para el atrevido y colorista objetivo de Alejandro Cuadra.<br \/>\nLos pelotaris Gorka Esteban, Tit\u00edn, Miguel y David Merino; el cocinero Ramon Pi\u00f1eiro; los jugadores del Calzados Robusta y del Rugby Club Rioja; el presentador de TVR \u00c1ngel Andr\u00e9s o los miembros de La Huerta de Rizos, entre otros, se convierten en \u2018chicos de calendario\u2019 por un buen fin. Incluso el \u2018Objetivo 25 kilos\u2019 tiene su mes de apoyo a Meritxell.<br \/>\nEn cada escena se ha querido combinar la alimentaci\u00f3n saludable y el deporte que promueve Fern\u00e1ndez en su consulta con recuerdos infantiles, situaciones at\u00edpicas y entornos curiosos.<br \/>\nEl resultado es un conjunto de escenas llamativas, joviales y peculiares que sacan sin querer una mueca de alegr\u00eda y regalan un a\u00f1o de sonrisas para Meritxell.<br \/>\nEl precio del calendario es de 10 euros y se puede adquirir en Escala, en el bar La Tapa y en Nutrium.<\/p>\n<p><strong>El calendario #SonriendoConMeritxell<\/strong><br \/>\nFot\u00f3grafo: Alejandro Cuadra.<br \/>\nPrecio: 10 euros.<br \/>\nD\u00f3nde comprar: Escala, bar La Tapa y Nutrium.<\/p>\n<p><a href=\"\/objetivo-25-kilos\/wp-content\/uploads\/sites\/61\/2016\/11\/640contraportada-meritxell.jpg\"><img loading=\"lazy\" class=\"aligncenter size-full wp-image-123\" title=\"RIO12112016 : GENERAL : 88 : P72\" src=\"\/objetivo-25-kilos\/wp-content\/uploads\/sites\/61\/2016\/11\/640contraportada-meritxell.jpg\" alt=\"\" width=\"640\" height=\"840\" srcset=\"https:\/\/static-blogs.larioja.com\/wp-content\/uploads\/sites\/61\/2016\/11\/640contraportada-meritxell.jpg 640w, https:\/\/static-blogs.larioja.com\/wp-content\/uploads\/sites\/61\/2016\/11\/640contraportada-meritxell-229x300.jpg 229w\" sizes=\"(max-width: 640px) 100vw, 640px\" \/><\/a><\/p>\n","protected":false},"excerpt":{"rendered":"<p>El Calendario &#8220;20MAYO #SonriendoConMeritxell&#8216; es una preciosa iniciativa de Nutrium. Much\u00edsimas gracias Paula Fernandez Gimenez y Enrique Cido por contar conmigo y hacerme part\u00edcipe de este maravilloso proyecto para sonre\u00edr tambi\u00e9n con Meritxell. Esta es una m\u00e1s, quiz\u00e1s la m\u00e1s especial por la causa a la que va dedicada, de las cosas buenas que me [&hellip;]<\/p>\n","protected":false},"author":62,"featured_media":122,"comment_status":"open","ping_status":"closed","sticky":false,"template":"","format":"standard","meta":[],"categories":[2],"tags":[],"_links":{"self":[{"href":"https:\/\/blogs.larioja.com\/objetivo-25-kilos\/wp-json\/wp\/v2\/posts\/120"}],"collection":[{"href":"https:\/\/blogs.larioja.com\/objetivo-25-kilos\/wp-json\/wp\/v2\/posts"}],"about":[{"href":"https:\/\/blogs.larioja.com\/objetivo-25-kilos\/wp-json\/wp\/v2\/types\/post"}],"author":[{"embeddable":true,"href":"https:\/\/blogs.larioja.com\/objetivo-25-kilos\/wp-json\/wp\/v2\/users\/62"}],"replies":[{"embeddable":true,"href":"https:\/\/blogs.larioja.com\/objetivo-25-kilos\/wp-json\/wp\/v2\/comments?post=120"}],"version-history":[{"count":0,"href":"https:\/\/blogs.larioja.com\/objetivo-25-kilos\/wp-json\/wp\/v2\/posts\/120\/revisions"}],"wp:featuredmedia":[{"embeddable":true,"href":"https:\/\/blogs.larioja.com\/objetivo-25-kilos\/wp-json\/wp\/v2\/media\/122"}],"wp:attachment":[{"href":"https:\/\/blogs.larioja.com\/objetivo-25-kilos\/wp-json\/wp\/v2\/media?parent=120"}],"wp:term":[{"taxonomy":"category","embeddable":true,"href":"https:\/\/blogs.larioja.com\/objetivo-25-kilos\/wp-json\/wp\/v2\/categories?post=120"},{"taxonomy":"post_tag","embeddable":true,"href":"https:\/\/blogs.larioja.com\/objetivo-25-kilos\/wp-json\/wp\/v2\/tags?post=120"}],"curies":[{"name":"wp","href":"https:\/\/api.w.org\/{rel}","templated":true}]}}