{"id":168,"date":"2017-05-04T18:19:26","date_gmt":"2017-05-04T16:19:26","guid":{"rendered":"http:\/\/blogs.larioja.com\/objetivo-25-kilos\/?p=163"},"modified":"2017-05-04T18:19:26","modified_gmt":"2017-05-04T16:19:26","slug":"tocado-hundido","status":"publish","type":"post","link":"https:\/\/blogs.larioja.com\/objetivo-25-kilos\/2017\/05\/04\/tocado-hundido\/","title":{"rendered":"Tocado&#8230; \u00bfhundido?"},"content":{"rendered":"<p><a href=\"\/objetivo-25-kilos\/wp-content\/uploads\/sites\/61\/2017\/05\/valle-iregua300.jpg\"><img loading=\"lazy\" class=\"alignright size-full wp-image-166\" title=\"valle-iregua300\" src=\"\/objetivo-25-kilos\/wp-content\/uploads\/sites\/61\/2017\/05\/valle-iregua300.jpg\" alt=\"\" width=\"300\" height=\"533\" \/><\/a><strong>40 d\u00edas<\/strong>. Es el tiempo que ha transcurrido desde el subid\u00f3n de aquella lejana carrera de 15 kil\u00f3metros de Madrid. Desde entonces llevo pr\u00e1cticamente <strong>parado por el dichoso gemelo derecho<\/strong>.<br \/>\nLo que parec\u00eda un tema no demasiado preocupante se ha convertido en <strong>el gran problema de cara a la <a title=\"Media Marat\u00f3n de La Rioja\" href=\"http:\/\/maraton.larioja.com\/\" target=\"_blank\">Media Marat\u00f3n de La Rioja<\/a> del pr\u00f3ximo 28 de mayo<\/strong>.<br \/>\n<strong>Si hace mes y medio ve\u00eda muy factible el reto de cubrir los 21,097 metros, ahora no lo tengo nada claro<\/strong>. Se me ha escapado por el camino el <strong>IV Cross Nutrium \u2018Ruta de las Ermitas\u2019 en Lagunilla del Jubera<\/strong>. Fui a ver la carrera en familia y disfrut\u00e9 much\u00edsimo de un d\u00eda muy entretenido. Paula y Quique, la pr\u00f3xima edici\u00f3n no fallo&#8230; Tampoco pude hacer la <strong>V Carrera Valle del Iregua<\/strong>, otra que hac\u00eda mucha ilusi\u00f3n. Otra que me apunto para 2017.<br \/>\n<strong>Alberto primero y Mar\u00eda despu\u00e9s est\u00e1n intentando ponerme de nuevo en marcha<\/strong>. Entre los cuidados de Mar\u00eda y la vuelta al Alter G para ir probando c\u00f3mo va la pierna, me temo que el <a title=\"Centro Las Gaunas\" href=\"http:\/\/crdlasgaunas.es\/\" target=\"_blank\"><strong>Centro de Fisioterapia y Medicina Deportiva Las Gaunas<\/strong><\/a> <strong>se va a volver a convertir en una segunda casa<\/strong> para m\u00ed los pr\u00f3ximos d\u00edas. <!--more--><br \/>\n<strong>No ser\u00e1 por falta de inter\u00e9s y de medios empleados<\/strong> para dejarme lo mejor posible, pero<strong> parece que a mi cuerpo le cuesta ser agradecido<\/strong>. No tengo ni idea de fisioterapia, pero he conocido en estos meses los \u00faltimos avances tecnol\u00f3gicos aplicados a mi cuerpo en este <strong>Objetivo 25 kilos<\/strong>. Esta semana <strong>he sumado el sistema de Termograf\u00eda T2<\/strong>. As\u00ed, explicado por un indocumentado en la materia, es un sistema de an\u00e1lisis que muestra un mapa de calor corporal que ayuda a localizar y prevenir lesiones.<br \/>\n<strong>Y ah\u00ed va la cosa, intentando ser positivo aunque estoy que me subo por las paredes<\/strong>. Me entretengo haciendo algunas pesas y <strong>me aburro soberanamente con la bicicleta est\u00e1tica<\/strong> para, al menos, mantener algo de la capacidad aer\u00f3bica que hab\u00eda conseguido.<br \/>\nAhora mismo,<strong> voy d\u00eda a d\u00eda<\/strong>. Con ganas de salir a la calle a correr y <strong>con la vista puesta la pr\u00f3xima semana en la 10K de la Mart\u00edn Fiz de Vitoria<\/strong>. Si todo va bien (y <strong>Roberto Molina me lo consiente<\/strong>), la semana siguiente conf\u00edo en hacer una <strong>tirada larga que me convenza de que, al menos, tengo posibilidades de llegar a la meta con ciertas garant\u00edas<\/strong>. Ya, <strong>el tiempo es lo de menos<\/strong>. Si en alg\u00fan momento pens\u00e9 en poder cubrir la distancia a una media de 5 minutos y medio el kil\u00f3metro, <strong>ahora s\u00f3lo pienso en terminar<\/strong>. Si tengo que ir a 6 minutos, lo har\u00e9 a 6, si es a 7, pues a 7 me ir\u00e9.<br \/>\n<a href=\"\/objetivo-25-kilos\/wp-content\/uploads\/sites\/61\/2017\/05\/charla.jpg\"><img loading=\"lazy\" class=\"alignleft size-medium wp-image-167\" title=\"charla\" src=\"\/objetivo-25-kilos\/wp-content\/uploads\/sites\/61\/2017\/05\/charla.jpg\" alt=\"\" width=\"300\" height=\"300\" \/><\/a><strong>Estoy tocado pero, mientras haya tiempo, conf\u00edo en poder llegar<\/strong>.<br \/>\nEste mi\u00e9rcoles me<strong> toca pasar por el <a title=\"Centro Nutrium\" href=\"http:\/\/www.nutriumpfg.com\/\" target=\"_blank\">Centro de Nutrici\u00f3n y Diet\u00e9tica Nutrium<\/a><\/strong>. Si voy conociendo ya a <strong>Paula Fern\u00e1ndez, me da que me tocar\u00e1 controlar estos d\u00edas la alimentaci\u00f3n pero sin angustias<\/strong> y que tocar\u00e1 introducir <strong>nuevos productos de temporada<\/strong>.<br \/>\nPor cierto, <strong>el pr\u00f3ximo jueves 11 de mayo, a las 20.00 horas, en Ibercaja Portales, Paula, Roberto y yo participaremos en la conferencia &#8216;Objetivo 25 kilos: as\u00ed se hizo&#8217;<\/strong>, en el que se explicar\u00e1 todo el proceso para lograr perder 25 kilos combinando actividad f\u00edsica y nutrici\u00f3n saludable y tutelado por profesionales. <strong>\u00a1\u00a1\u00a1Os esperamos!!!<\/strong><\/p>\n","protected":false},"excerpt":{"rendered":"<p>40 d\u00edas. Es el tiempo que ha transcurrido desde el subid\u00f3n de aquella lejana carrera de 15 kil\u00f3metros de Madrid. Desde entonces llevo pr\u00e1cticamente parado por el dichoso gemelo derecho. Lo que parec\u00eda un tema no demasiado preocupante se ha convertido en el gran problema de cara a la Media Marat\u00f3n de La Rioja del [&hellip;]<\/p>\n","protected":false},"author":62,"featured_media":171,"comment_status":"open","ping_status":"closed","sticky":false,"template":"","format":"standard","meta":[],"categories":[2],"tags":[],"_links":{"self":[{"href":"https:\/\/blogs.larioja.com\/objetivo-25-kilos\/wp-json\/wp\/v2\/posts\/168"}],"collection":[{"href":"https:\/\/blogs.larioja.com\/objetivo-25-kilos\/wp-json\/wp\/v2\/posts"}],"about":[{"href":"https:\/\/blogs.larioja.com\/objetivo-25-kilos\/wp-json\/wp\/v2\/types\/post"}],"author":[{"embeddable":true,"href":"https:\/\/blogs.larioja.com\/objetivo-25-kilos\/wp-json\/wp\/v2\/users\/62"}],"replies":[{"embeddable":true,"href":"https:\/\/blogs.larioja.com\/objetivo-25-kilos\/wp-json\/wp\/v2\/comments?post=168"}],"version-history":[{"count":0,"href":"https:\/\/blogs.larioja.com\/objetivo-25-kilos\/wp-json\/wp\/v2\/posts\/168\/revisions"}],"wp:featuredmedia":[{"embeddable":true,"href":"https:\/\/blogs.larioja.com\/objetivo-25-kilos\/wp-json\/wp\/v2\/media\/171"}],"wp:attachment":[{"href":"https:\/\/blogs.larioja.com\/objetivo-25-kilos\/wp-json\/wp\/v2\/media?parent=168"}],"wp:term":[{"taxonomy":"category","embeddable":true,"href":"https:\/\/blogs.larioja.com\/objetivo-25-kilos\/wp-json\/wp\/v2\/categories?post=168"},{"taxonomy":"post_tag","embeddable":true,"href":"https:\/\/blogs.larioja.com\/objetivo-25-kilos\/wp-json\/wp\/v2\/tags?post=168"}],"curies":[{"name":"wp","href":"https:\/\/api.w.org\/{rel}","templated":true}]}}