{"id":173,"date":"2017-05-08T18:04:03","date_gmt":"2017-05-08T16:04:03","guid":{"rendered":"http:\/\/blogs.larioja.com\/objetivo-25-kilos\/?p=169"},"modified":"2017-07-17T15:51:50","modified_gmt":"2017-07-17T13:51:50","slug":"objetivo-25-kilos-asi-se-hizo-la-conferencia","status":"publish","type":"post","link":"https:\/\/blogs.larioja.com\/objetivo-25-kilos\/2017\/05\/08\/objetivo-25-kilos-asi-se-hizo-la-conferencia\/","title":{"rendered":"\u2018Objetivo 25 kilos: as\u00ed se hizo\u2019, la conferencia"},"content":{"rendered":"<p><a href=\"https:\/\/static-blogs.larioja.com\/wp-content\/uploads\/sites\/61\/2017\/05\/conferencia.jpeg\"><img loading=\"lazy\" class=\"wp-image-174 size-medium alignleft\" title=\"conferencia\" src=\"https:\/\/static-blogs.larioja.com\/wp-content\/uploads\/sites\/61\/2017\/05\/conferencia-300x225.jpeg\" width=\"300\" height=\"225\" srcset=\"https:\/\/static-blogs.larioja.com\/wp-content\/uploads\/sites\/61\/2017\/05\/conferencia-300x225.jpeg 300w, https:\/\/static-blogs.larioja.com\/wp-content\/uploads\/sites\/61\/2017\/05\/conferencia-768x576.jpeg 768w, https:\/\/static-blogs.larioja.com\/wp-content\/uploads\/sites\/61\/2017\/05\/conferencia-1024x768.jpeg 1024w, https:\/\/static-blogs.larioja.com\/wp-content\/uploads\/sites\/61\/2017\/05\/conferencia.jpeg 1600w\" sizes=\"(max-width: 300px) 100vw, 300px\" \/><\/a><strong>Objetivo 25 kilos est\u00e1 dando pasos constantes<\/strong> y, para m\u00ed, totalmente <strong>inesperados<\/strong>. El blog se ha convertido en <strong>un \u00e9xito gracias a la buena acogida<\/strong> que ha tenido por vuestra parte, ha<strong> llegado a los j\u00f3venes del colegio Agustinas<\/strong>, en donde impartimos unas charlas (y alg\u00fan otro cole ya me ha pedido informaci\u00f3n para hacer alguna otra) y, <strong>ahora, se convierte en una conferencia<\/strong>.<br \/>\nEste pr\u00f3ximo<strong> jueves ,11 de mayo, a las 20.00 horas<\/strong>, en <strong>Ibercaja Portales<\/strong> (Calle Portales, 48), se celebrar\u00e1 la conferencia \u2018<strong>Objetivo 25 kilos: as\u00ed se hizo<\/strong>\u2019. En ella, <strong>Chema Urraca y Roberto Molina<\/strong>, del <a title=\"Centro Las Gaunas\" href=\"http:\/\/crdlasgaunas.es\/\" target=\"_blank\"><strong>Centro de Fisioterapia y Medicina Deportiva Las Gaunas<\/strong><\/a>, <strong>Paula Fern\u00e1ndez<\/strong>, del <a title=\"Centro Nutrium\" href=\"http:\/\/www.nutriumpfg.com\/\" target=\"_blank\"><strong>Centro de Nutrici\u00f3n y Diet\u00e9tica Nutrium<\/strong><\/a> y yo intentaremos <strong>explicar todo el proceso para lograr perder 25 kilos combinando actividad f\u00edsica y nutrici\u00f3n saludable y tutelado por profesionales<\/strong>.<br \/>\n\u00a1\u00a1\u00a1<strong>Os esperamos<\/strong>!!!<br \/>\n<iframe loading=\"lazy\" src=\"\/\/players.brightcove.net\/86746484001\/default_default\/index.html?videoId=5425975098001\" width=\"550\" height=\"309.38\"><\/iframe><\/p>\n","protected":false},"excerpt":{"rendered":"<p>Objetivo 25 kilos est\u00e1 dando pasos constantes y, para m\u00ed, totalmente inesperados. El blog se ha convertido en un \u00e9xito gracias a la buena acogida que ha tenido por vuestra parte, ha llegado a los j\u00f3venes del colegio Agustinas, en donde impartimos unas charlas (y alg\u00fan otro cole ya me ha pedido informaci\u00f3n para hacer [&hellip;]<\/p>\n","protected":false},"author":62,"featured_media":174,"comment_status":"open","ping_status":"closed","sticky":false,"template":"","format":"standard","meta":[],"categories":[2],"tags":[],"_links":{"self":[{"href":"https:\/\/blogs.larioja.com\/objetivo-25-kilos\/wp-json\/wp\/v2\/posts\/173"}],"collection":[{"href":"https:\/\/blogs.larioja.com\/objetivo-25-kilos\/wp-json\/wp\/v2\/posts"}],"about":[{"href":"https:\/\/blogs.larioja.com\/objetivo-25-kilos\/wp-json\/wp\/v2\/types\/post"}],"author":[{"embeddable":true,"href":"https:\/\/blogs.larioja.com\/objetivo-25-kilos\/wp-json\/wp\/v2\/users\/62"}],"replies":[{"embeddable":true,"href":"https:\/\/blogs.larioja.com\/objetivo-25-kilos\/wp-json\/wp\/v2\/comments?post=173"}],"version-history":[{"count":3,"href":"https:\/\/blogs.larioja.com\/objetivo-25-kilos\/wp-json\/wp\/v2\/posts\/173\/revisions"}],"predecessor-version":[{"id":211,"href":"https:\/\/blogs.larioja.com\/objetivo-25-kilos\/wp-json\/wp\/v2\/posts\/173\/revisions\/211"}],"wp:featuredmedia":[{"embeddable":true,"href":"https:\/\/blogs.larioja.com\/objetivo-25-kilos\/wp-json\/wp\/v2\/media\/174"}],"wp:attachment":[{"href":"https:\/\/blogs.larioja.com\/objetivo-25-kilos\/wp-json\/wp\/v2\/media?parent=173"}],"wp:term":[{"taxonomy":"category","embeddable":true,"href":"https:\/\/blogs.larioja.com\/objetivo-25-kilos\/wp-json\/wp\/v2\/categories?post=173"},{"taxonomy":"post_tag","embeddable":true,"href":"https:\/\/blogs.larioja.com\/objetivo-25-kilos\/wp-json\/wp\/v2\/tags?post=173"}],"curies":[{"name":"wp","href":"https:\/\/api.w.org\/{rel}","templated":true}]}}