{"id":175,"date":"2017-05-24T21:40:08","date_gmt":"2017-05-24T19:40:08","guid":{"rendered":"http:\/\/blogs.larioja.com\/objetivo-25-kilos\/?p=175"},"modified":"2017-05-24T21:56:48","modified_gmt":"2017-05-24T19:56:48","slug":"que-nervios","status":"publish","type":"post","link":"https:\/\/blogs.larioja.com\/objetivo-25-kilos\/2017\/05\/24\/que-nervios\/","title":{"rendered":"\u00a1\u00a1\u00a1Qu\u00e9 nervios!!!"},"content":{"rendered":"<p><a href=\"https:\/\/static-blogs.larioja.com\/wp-content\/uploads\/sites\/61\/2017\/05\/vitoria1.jpg\"><img loading=\"lazy\" class=\"alignleft size-full wp-image-178\" src=\"https:\/\/static-blogs.larioja.com\/wp-content\/uploads\/sites\/61\/2017\/05\/vitoria1.jpg\" alt=\"vitoria1\" width=\"350\" height=\"350\" srcset=\"https:\/\/static-blogs.larioja.com\/wp-content\/uploads\/sites\/61\/2017\/05\/vitoria1.jpg 450w, https:\/\/static-blogs.larioja.com\/wp-content\/uploads\/sites\/61\/2017\/05\/vitoria1-150x150.jpg 150w, https:\/\/static-blogs.larioja.com\/wp-content\/uploads\/sites\/61\/2017\/05\/vitoria1-300x300.jpg 300w\" sizes=\"(max-width: 350px) 100vw, 350px\" \/><\/a>\u00a1\u00a1\u00a1Qu\u00e9 nervios!!! <strong>Apenas faltan unos d\u00edas para la 26 <a href=\"http:\/\/maraton.larioja.com\/\" target=\"_blank\">Media Marat\u00f3n de La Rioja<\/a>.<\/strong> \u00a1Mi primera media! <strong>Qui\u00e9n me lo iba a decir cuando hace casi un a\u00f1o contact\u00e9 con Paula Fern\u00e1ndez y Roberto Molina para que se embarcaran con un tipo de 122 kilos en un reto que se llamaba &#8216;Objetivo 25 kilos&#8217;<\/strong>. \u00a1Qui\u00e9n hubiera apostado por ello en junio de 2016!<br \/>\nY aqu\u00ed estoy, <strong>nervioso como un cr\u00edo<\/strong> esperando que pasen los d\u00edas cuanto antes para que llegue el domingo y que suene el disparo para empezar a correr, con <strong>21.097,5 metros por delante<\/strong>. M\u00e1s de dos horas, seg\u00fan mis c\u00e1lculos.<br \/>\nHace apenas <strong>tres semanas ya cont\u00e9 que no las ten\u00eda todas conmigo<\/strong>. Despu\u00e9s de <strong>40 d\u00edas lesionado<\/strong>, no depend\u00eda de m\u00ed ya llegar. Entre <strong>Mar\u00eda, Alberto y Miguel han hecho que mejore mi gemelo de forma asombrosa<\/strong> (asombrosa para m\u00ed, porque ellos ten\u00edan muy claro lo que me pasaba y c\u00f3mo resolverlo). El <strong><a href=\"http:\/\/crdlasgaunas.es\/\" target=\"_blank\">Centro de Fisioterapia y Medicina Deportiva Las Gaunas<\/a><\/strong> ha sido durante estas semanas mi<strong> lugar de peregrinaci\u00f3n en busca del milagro<\/strong>. Lo he dicho mil veces, pero es impresionante sentirse tratado como un profesional cuando uno es un simple amago de deportista.<br \/>\nDespu\u00e9s de varios d\u00edas de tratamientos diversos y de pruebas en la Alter G para limitar los impactos en la carrera, <strong>Mar\u00eda me dio el visto bueno para salir en la calle<\/strong>. <strong>Como dice la canci\u00f3n, &#8216;<a href=\"https:\/\/www.youtube.com\/watch?v=kJQP7kiw5Fk\" target=\"_blank\">Despacito<\/a>&#8216;<\/strong>. Los primeros d\u00edas sal\u00ed <strong>neur\u00f3tico perdido<\/strong>, con una tensi\u00f3n tremenda. Est\u00e1 mal decirlo, pero <strong>corr\u00eda con &#8216;el culo prieto&#8217;<\/strong>, encogido y casi de puntillas, pendiente de cada sensaci\u00f3n en las piernas, como si cada movimiento fuera un aviso a un pr\u00f3ximo y nuevo pinchazo. <strong>Hasta agujetas me quedaban tras correr por los nervios<\/strong>.<br \/>\nPero la lesi\u00f3n no ha llegado y he ido corriendo cada vez m\u00e1s. M\u00e1s distancia pero bastante m\u00e1s lento que hace mes y medio. No se puede tener todo. <!--more--><\/p>\n<p><strong>Corr\u00ed la 10K de Vitoria a un ritmo medio decente, acompa\u00f1ado de Roberto y Lara. Primera prueba superada<\/strong>.<br \/>\nLa semana pasada, entre paso y paso por el fisio, hice la esperada tirada larga que tanto necesitaba para convencerme de que ten\u00eda posibilidades de completar la Media.<strong> 18,5 kil\u00f3metros a un ritmo cercano a los 6 minutos por kil\u00f3metro. Ese va a ser mi ritmo<\/strong>. No busco una marca, busco la sensaci\u00f3n de encontrarme bien en carrera, sin sufrir y disfrutando. <strong>El objetivo es llegar y disfrutar<\/strong>.<br \/>\nAdem\u00e1s de los entrenamientos, <strong>Paula me ha dado nuevas pautas<\/strong> en mi \u00faltimo paso por el <strong><a href=\"http:\/\/www.nutriumpfg.com\/\" target=\"_blank\">Centro de Nutrici\u00f3n y Diet\u00e9tica Nutrium<\/a><\/strong> para seguir trabajando en mi <strong>alimentaci\u00f3n y para seguir aprendiendo c\u00f3mo comportarme antes, durante y despu\u00e9s de la carrera<\/strong>. Lo dicho, como un profesional.<br \/>\nDe hecho, esta semana hemos estado <strong>haciendo probaturas<\/strong>. <strong>Midiendo la p\u00e9rdida de peso en carrera, variando en la previa y en la carrera el agua y los isot\u00f3nicos&#8230;<\/strong> Todo para <strong>controlar mejor el gasto y la recuperaci\u00f3n de energ\u00eda y la hidrataci\u00f3n<\/strong> en la carrera y ver qu\u00e9 me iba mejor.<br \/>\nAhora toca correr y disfrutar.<br \/>\nAdem\u00e1s, en estos d\u00edas, por fin me decid\u00ed a hacer caso a Roberto y a los fisios y hacerme un<strong> estudio de pisada<\/strong> para ver<strong> si las lesiones ten\u00edan algo que ver con mi forma de correr<\/strong> y, si era as\u00ed, si se pod\u00eda resolver de alguna manera. Segu\u00ed sus recomendaciones y <strong>me puse en manos de <a href=\"http:\/\/www.osantolayapodologo.com\/clinica_podologica_inicio.html\" target=\"_blank\">\u00d3scar Santolaya<\/a><\/strong>. <strong>Revisi\u00f3n, estudio informatizado y con v\u00eddeo de la huella, de la marcha, de la t\u00e9cnica de carrera<\/strong>. El primer <strong>diagn\u00f3stico<\/strong> fue que no hab\u00eda <strong>nada grave pero que sumaba peque\u00f1as cosas<\/strong>. La primera <strong>soluci\u00f3n<\/strong>: unas <strong>taloneras<\/strong> duras de medio cent\u00edmetro para correr. El <strong>resultado<\/strong>, de momento, creo que <strong>muy favorable<\/strong>.<\/p>\n<p><a href=\"https:\/\/static-blogs.larioja.com\/wp-content\/uploads\/sites\/61\/2017\/05\/charla-foto.jpg\"><img loading=\"lazy\" class=\"alignleft size-medium wp-image-177\" src=\"https:\/\/static-blogs.larioja.com\/wp-content\/uploads\/sites\/61\/2017\/05\/charla-foto.jpg\" alt=\"charla-foto\" width=\"400\" height=\"261\" srcset=\"https:\/\/static-blogs.larioja.com\/wp-content\/uploads\/sites\/61\/2017\/05\/charla-foto.jpg 1600w, https:\/\/static-blogs.larioja.com\/wp-content\/uploads\/sites\/61\/2017\/05\/charla-foto-300x195.jpg 300w, https:\/\/static-blogs.larioja.com\/wp-content\/uploads\/sites\/61\/2017\/05\/charla-foto-768x500.jpg 768w, https:\/\/static-blogs.larioja.com\/wp-content\/uploads\/sites\/61\/2017\/05\/charla-foto-1024x667.jpg 1024w\" sizes=\"(max-width: 400px) 100vw, 400px\" \/><\/a><br \/>\nAhora toca esperar a las <strong>plantillas personalizadas<\/strong> que me ayudar\u00e1n todav\u00eda m\u00e1s en la prevenci\u00f3n de lesiones. <strong>Todo suma<\/strong> para encontrarme cada vez mejor.<br \/>\nNo quiero cerrar este post sin hablar de la<strong> conferencia &#8216;Objetivo 25 kilos: As\u00ed se hizo&#8217;<\/strong>, que se celebr\u00f3 en <strong>Ibercaja<\/strong>. Gracias a todos los que acudisteis a verla. Fue <strong>una gozada compartir charla con Paula Fern\u00e1ndez, Roberto Molina y Chema Urraca<\/strong>. Hablaron del <strong>proceso de este reto desde el punto de vista m\u00e9dico, deportivo y nutricional<\/strong>. Yo s\u00f3lo di mi punto de vista y mi experiencia personal como ejemplo y fruto de un proceso y <strong>un trabajo superprofesional fant\u00e1sticamente bien llevado<\/strong>. De hecho, me hicieron recordar cosas que ya no recordaba y que, sin embargo, reconoc\u00ed como b\u00e1sicas en este periodo de aprendizaje constante. El <strong>protagonista<\/strong> no era yo, era <strong>la labor realizada por todos los que han hecho posible este Objetivo 25 kilos<\/strong>. <strong>Muchas gracias de mi parte y, como ella misma os dijo, de parte de mi madre \ud83d\ude09<\/strong><br \/>\nYa llega el domingo, ya<strong> llega un reto que hab\u00e9is hecho que se convierta en posible<\/strong>.<br \/>\nPor cierto, esto de correr largas distancias parece que no acabar\u00e1 el domingo. Entre Roberto, Paula y compa\u00f1\u00eda <strong>me han metido el bicho&#8230;<\/strong> Ya estoy <strong>apuntado a la Behobia-San Sebasti\u00e1n en Noviembre<\/strong>. Parece que esto va de buscar retos casa seis meses&#8230;<\/p>\n","protected":false},"excerpt":{"rendered":"<p>\u00a1\u00a1\u00a1Qu\u00e9 nervios!!! Apenas faltan unos d\u00edas para la 26 Media Marat\u00f3n de La Rioja. \u00a1Mi primera media! Qui\u00e9n me lo iba a decir cuando hace casi un a\u00f1o contact\u00e9 con Paula Fern\u00e1ndez y Roberto Molina para que se embarcaran con un tipo de 122 kilos en un reto que se llamaba &#8216;Objetivo 25 kilos&#8217;. \u00a1Qui\u00e9n [&hellip;]<\/p>\n","protected":false},"author":62,"featured_media":178,"comment_status":"open","ping_status":"closed","sticky":false,"template":"","format":"standard","meta":[],"categories":[1],"tags":[],"_links":{"self":[{"href":"https:\/\/blogs.larioja.com\/objetivo-25-kilos\/wp-json\/wp\/v2\/posts\/175"}],"collection":[{"href":"https:\/\/blogs.larioja.com\/objetivo-25-kilos\/wp-json\/wp\/v2\/posts"}],"about":[{"href":"https:\/\/blogs.larioja.com\/objetivo-25-kilos\/wp-json\/wp\/v2\/types\/post"}],"author":[{"embeddable":true,"href":"https:\/\/blogs.larioja.com\/objetivo-25-kilos\/wp-json\/wp\/v2\/users\/62"}],"replies":[{"embeddable":true,"href":"https:\/\/blogs.larioja.com\/objetivo-25-kilos\/wp-json\/wp\/v2\/comments?post=175"}],"version-history":[{"count":7,"href":"https:\/\/blogs.larioja.com\/objetivo-25-kilos\/wp-json\/wp\/v2\/posts\/175\/revisions"}],"predecessor-version":[{"id":185,"href":"https:\/\/blogs.larioja.com\/objetivo-25-kilos\/wp-json\/wp\/v2\/posts\/175\/revisions\/185"}],"wp:featuredmedia":[{"embeddable":true,"href":"https:\/\/blogs.larioja.com\/objetivo-25-kilos\/wp-json\/wp\/v2\/media\/178"}],"wp:attachment":[{"href":"https:\/\/blogs.larioja.com\/objetivo-25-kilos\/wp-json\/wp\/v2\/media?parent=175"}],"wp:term":[{"taxonomy":"category","embeddable":true,"href":"https:\/\/blogs.larioja.com\/objetivo-25-kilos\/wp-json\/wp\/v2\/categories?post=175"},{"taxonomy":"post_tag","embeddable":true,"href":"https:\/\/blogs.larioja.com\/objetivo-25-kilos\/wp-json\/wp\/v2\/tags?post=175"}],"curies":[{"name":"wp","href":"https:\/\/api.w.org\/{rel}","templated":true}]}}