{"id":186,"date":"2017-05-28T19:27:23","date_gmt":"2017-05-28T17:27:23","guid":{"rendered":"http:\/\/blogs.larioja.com\/objetivo-25-kilos\/?p=186"},"modified":"2017-05-28T19:27:23","modified_gmt":"2017-05-28T17:27:23","slug":"por-mi-y-por-todos-mis-companeros","status":"publish","type":"post","link":"https:\/\/blogs.larioja.com\/objetivo-25-kilos\/2017\/05\/28\/por-mi-y-por-todos-mis-companeros\/","title":{"rendered":"Por m\u00ed y por todos mis compa\u00f1eros"},"content":{"rendered":"<p><a href=\"https:\/\/static-blogs.larioja.com\/wp-content\/uploads\/sites\/61\/2017\/05\/media.jpg\"><img loading=\"lazy\" class=\"alignleft size-medium wp-image-187\" src=\"https:\/\/static-blogs.larioja.com\/wp-content\/uploads\/sites\/61\/2017\/05\/media.jpg\" alt=\"media\" width=\"300\" height=\"168\" srcset=\"https:\/\/static-blogs.larioja.com\/wp-content\/uploads\/sites\/61\/2017\/05\/media.jpg 1600w, https:\/\/static-blogs.larioja.com\/wp-content\/uploads\/sites\/61\/2017\/05\/media-300x168.jpg 300w, https:\/\/static-blogs.larioja.com\/wp-content\/uploads\/sites\/61\/2017\/05\/media-768x431.jpg 768w, https:\/\/static-blogs.larioja.com\/wp-content\/uploads\/sites\/61\/2017\/05\/media-1024x575.jpg 1024w\" sizes=\"(max-width: 300px) 100vw, 300px\" \/><\/a><strong>Por m\u00ed y por todos mis compa\u00f1eros<\/strong>. <strong>Por mis \u00e1ngeles, Roberto y Paula, que han cambiado mi vida en un a\u00f1o<\/strong>. Por el resto de angelitos, Miguel, Chema, Alberto, Mar\u00eda, Sandra, Nati, Cristina, Germ\u00e1n, Quique, actores fundamentales en esta transformaci\u00f3n. <strong>Por las luces de mi vida, Carolina, Mateo y Beltr\u00e1n<\/strong>. Por mi familia y amigos, animadores en la meta y fundamentales en el camino (b\u00e1sico ese arroz con leche energ\u00e9tico, Leticia), que me hab\u00e9is hecho sentir que esto era importante. Por mis compa\u00f1eros de carrera, Sara (aqu\u00ed est\u00e1s, por fin), Tat\u00edn y Alberto (y Chema), que han sido pacientes y esforzados animadores en los buenos y en los malos momentos para llevarme hasta la llegada con una sonrisa.<br \/>\n<strong>Por mis animadores desde el primer d\u00eda y por esos boicoteadores que se han convertido en animadores<\/strong>, Xabi, Diego, Noe, In\u00e9s, Bel\u00e9n, Miguel, Pablo, Jorge, Mart\u00edn Eloy, Javi, To\u00f1o, David, Roberto, los componentes de la LPM, de la redacci\u00f3n y del resto de la multimedia y TVR. <!--more--><\/p>\n<p><strong>Por Diario LA RIOJA<\/strong>, entorno perfecto y necesario para dar visibilidad a un reto que parec\u00eda un brindis al sol. Por Juan, el propulsor gr\u00e1fico de la evoluci\u00f3n de <strong>Objetivo 25 kilos<\/strong>. Por Andrea, que ha hecho con sus fant\u00e1sticos v\u00eddeos que esta historia se entienda f\u00e1cilmente con su principio, su desarrollo y su final. Por Laura, que me ha dado la posibilidad de hacer visible en esta Media Marat\u00f3n mi reto. Por Rebeca, Luis, Jon\u00e1s, atletas infatigables, expertos consejeros y maestros en conversaciones de caf\u00e9 y descansos.<\/p>\n<p><a href=\"https:\/\/static-blogs.larioja.com\/wp-content\/uploads\/sites\/61\/2017\/05\/media-angeles.jpg\"><img loading=\"lazy\" class=\"alignright size-medium wp-image-188\" src=\"https:\/\/static-blogs.larioja.com\/wp-content\/uploads\/sites\/61\/2017\/05\/media-angeles.jpg\" alt=\"media-angeles\" width=\"169\" height=\"300\" srcset=\"https:\/\/static-blogs.larioja.com\/wp-content\/uploads\/sites\/61\/2017\/05\/media-angeles.jpg 747w, https:\/\/static-blogs.larioja.com\/wp-content\/uploads\/sites\/61\/2017\/05\/media-angeles-169x300.jpg 169w, https:\/\/static-blogs.larioja.com\/wp-content\/uploads\/sites\/61\/2017\/05\/media-angeles-576x1024.jpg 576w\" sizes=\"(max-width: 169px) 100vw, 169px\" \/><\/a><br \/>\n<strong>Por todos los que me hab\u00e9is animado e interesado por m\u00ed cada d\u00eda en <a href=\"http:\/\/www.nutriumpfg.com\/\" target=\"_blank\">Nutrium<\/a> y en el <a href=\"http:\/\/crdlasgaunas.es\/\" target=\"_blank\">Centro Las Gaunas<\/a> y los que lo hab\u00e9is hecho en redes sociales, grupos de WhatsApp y por la calle<\/strong>. Por todos aquellos que hab\u00e9is seguido Objetivo 25 kilos desde aquel ya lejano 14 de junio. Por todos vosotros y por los que seguro que me he olvidado.<br \/>\n<strong>Por todos van estas dos horas y casi diez minutos de carrera<\/strong>, esta primera <strong>Media Marat\u00f3n de La Rioja<\/strong>, la primera de mi vida y seguro que no la \u00faltima.<br \/>\n<strong>MIL GRACIAS por todo esto que hab\u00e9is hecho que me pase en estos casi doce meses<\/strong> y por la inmensa satisfacci\u00f3n que he sentido al cruzar la l\u00ednea de meta. <strong>Una meta que no es el final, porque el camino sigue\u2026<\/strong><\/p>\n","protected":false},"excerpt":{"rendered":"<p>Por m\u00ed y por todos mis compa\u00f1eros. Por mis \u00e1ngeles, Roberto y Paula, que han cambiado mi vida en un a\u00f1o. Por el resto de angelitos, Miguel, Chema, Alberto, Mar\u00eda, Sandra, Nati, Cristina, Germ\u00e1n, Quique, actores fundamentales en esta transformaci\u00f3n. Por las luces de mi vida, Carolina, Mateo y Beltr\u00e1n. Por mi familia y amigos, [&hellip;]<\/p>\n","protected":false},"author":62,"featured_media":187,"comment_status":"open","ping_status":"closed","sticky":false,"template":"","format":"standard","meta":[],"categories":[1],"tags":[],"_links":{"self":[{"href":"https:\/\/blogs.larioja.com\/objetivo-25-kilos\/wp-json\/wp\/v2\/posts\/186"}],"collection":[{"href":"https:\/\/blogs.larioja.com\/objetivo-25-kilos\/wp-json\/wp\/v2\/posts"}],"about":[{"href":"https:\/\/blogs.larioja.com\/objetivo-25-kilos\/wp-json\/wp\/v2\/types\/post"}],"author":[{"embeddable":true,"href":"https:\/\/blogs.larioja.com\/objetivo-25-kilos\/wp-json\/wp\/v2\/users\/62"}],"replies":[{"embeddable":true,"href":"https:\/\/blogs.larioja.com\/objetivo-25-kilos\/wp-json\/wp\/v2\/comments?post=186"}],"version-history":[{"count":1,"href":"https:\/\/blogs.larioja.com\/objetivo-25-kilos\/wp-json\/wp\/v2\/posts\/186\/revisions"}],"predecessor-version":[{"id":189,"href":"https:\/\/blogs.larioja.com\/objetivo-25-kilos\/wp-json\/wp\/v2\/posts\/186\/revisions\/189"}],"wp:featuredmedia":[{"embeddable":true,"href":"https:\/\/blogs.larioja.com\/objetivo-25-kilos\/wp-json\/wp\/v2\/media\/187"}],"wp:attachment":[{"href":"https:\/\/blogs.larioja.com\/objetivo-25-kilos\/wp-json\/wp\/v2\/media?parent=186"}],"wp:term":[{"taxonomy":"category","embeddable":true,"href":"https:\/\/blogs.larioja.com\/objetivo-25-kilos\/wp-json\/wp\/v2\/categories?post=186"},{"taxonomy":"post_tag","embeddable":true,"href":"https:\/\/blogs.larioja.com\/objetivo-25-kilos\/wp-json\/wp\/v2\/tags?post=186"}],"curies":[{"name":"wp","href":"https:\/\/api.w.org\/{rel}","templated":true}]}}