{"id":196,"date":"2017-06-15T17:50:42","date_gmt":"2017-06-15T15:50:42","guid":{"rendered":"http:\/\/blogs.larioja.com\/objetivo-25-kilos\/?p=196"},"modified":"2017-06-27T11:06:55","modified_gmt":"2017-06-27T09:06:55","slug":"objetivo-25-kilos-el-video-de-la-media-maraton","status":"publish","type":"post","link":"https:\/\/blogs.larioja.com\/objetivo-25-kilos\/2017\/06\/15\/objetivo-25-kilos-el-video-de-la-media-maraton\/","title":{"rendered":"Objetivo 25 kilos: El v\u00eddeo de la media marat\u00f3n"},"content":{"rendered":"<p>El Objetivo 25 kilos\u00a0ten\u00eda un reto m\u00e1s que afrontar: la Media Marat\u00f3n de La Rioja.<\/p>\n<p>En este v\u00eddeo se cuenta el antes, el durante y el despu\u00e9s de una carrera que no es m\u00e1s que un paso m\u00e1s hacia adelante, pero no el \u00faltimo.<\/p>\n<p><iframe loading=\"lazy\" src=\"\/\/players.brightcove.net\/86746484001\/default_default\/index.html?videoId=5472401607001\" width=\"580\" height=\"290\" allowfullscreen=\"allowfullscreen\"><\/iframe><\/p>\n","protected":false},"excerpt":{"rendered":"<p>El Objetivo 25 kilos\u00a0ten\u00eda un reto m\u00e1s que afrontar: la Media Marat\u00f3n de La Rioja. En este v\u00eddeo se cuenta el antes, el durante y el despu\u00e9s de una carrera que no es m\u00e1s que un paso m\u00e1s hacia adelante, pero no el \u00faltimo.<\/p>\n","protected":false},"author":62,"featured_media":0,"comment_status":"open","ping_status":"closed","sticky":false,"template":"","format":"standard","meta":[],"categories":[1],"tags":[],"_links":{"self":[{"href":"https:\/\/blogs.larioja.com\/objetivo-25-kilos\/wp-json\/wp\/v2\/posts\/196"}],"collection":[{"href":"https:\/\/blogs.larioja.com\/objetivo-25-kilos\/wp-json\/wp\/v2\/posts"}],"about":[{"href":"https:\/\/blogs.larioja.com\/objetivo-25-kilos\/wp-json\/wp\/v2\/types\/post"}],"author":[{"embeddable":true,"href":"https:\/\/blogs.larioja.com\/objetivo-25-kilos\/wp-json\/wp\/v2\/users\/62"}],"replies":[{"embeddable":true,"href":"https:\/\/blogs.larioja.com\/objetivo-25-kilos\/wp-json\/wp\/v2\/comments?post=196"}],"version-history":[{"count":3,"href":"https:\/\/blogs.larioja.com\/objetivo-25-kilos\/wp-json\/wp\/v2\/posts\/196\/revisions"}],"predecessor-version":[{"id":199,"href":"https:\/\/blogs.larioja.com\/objetivo-25-kilos\/wp-json\/wp\/v2\/posts\/196\/revisions\/199"}],"wp:attachment":[{"href":"https:\/\/blogs.larioja.com\/objetivo-25-kilos\/wp-json\/wp\/v2\/media?parent=196"}],"wp:term":[{"taxonomy":"category","embeddable":true,"href":"https:\/\/blogs.larioja.com\/objetivo-25-kilos\/wp-json\/wp\/v2\/categories?post=196"},{"taxonomy":"post_tag","embeddable":true,"href":"https:\/\/blogs.larioja.com\/objetivo-25-kilos\/wp-json\/wp\/v2\/tags?post=196"}],"curies":[{"name":"wp","href":"https:\/\/api.w.org\/{rel}","templated":true}]}}