{"id":220,"date":"2018-03-14T18:29:41","date_gmt":"2018-03-14T17:29:41","guid":{"rendered":"http:\/\/blogs.larioja.com\/objetivo-25-kilos\/?p=220"},"modified":"2018-03-14T18:29:41","modified_gmt":"2018-03-14T17:29:41","slug":"cenas-pesadas","status":"publish","type":"post","link":"https:\/\/blogs.larioja.com\/objetivo-25-kilos\/2018\/03\/14\/cenas-pesadas\/","title":{"rendered":"Cenas pesadas"},"content":{"rendered":"<p><a href=\"https:\/\/static-blogs.larioja.com\/wp-content\/uploads\/sites\/61\/2018\/03\/embutido.jpg\"><img loading=\"lazy\" class=\"alignleft size-full wp-image-222\" src=\"https:\/\/static-blogs.larioja.com\/wp-content\/uploads\/sites\/61\/2018\/03\/embutido.jpg\" alt=\"DOCU_GRUPO\" width=\"420\" height=\"280\" srcset=\"https:\/\/static-blogs.larioja.com\/wp-content\/uploads\/sites\/61\/2018\/03\/embutido.jpg 420w, https:\/\/static-blogs.larioja.com\/wp-content\/uploads\/sites\/61\/2018\/03\/embutido-300x200.jpg 300w\" sizes=\"(max-width: 420px) 100vw, 420px\" \/><\/a>Una de las <strong>principales causas de mi reca\u00edda ha sido el descontrol en las cenas<\/strong>. Mi vida, en general, hace que mi d\u00eda acabe a unas horas un tanto tard\u00edas. La consecuencia, que cenaba tarde y sin orden. Volv\u00ed a caer en error de comer lo primero que pillaba y, pese a que <strong>mi frigor\u00edfico es un &#8216;recinto casi sano&#8217;<\/strong>, algo de <strong>embutidos y l\u00e1cteos<\/strong> siempre hay por ah\u00ed. Y esto es precisamente <strong>lo f\u00e1cil cuando hay pocas ganas de cocinar y bastantes de comer<\/strong>.<br \/>\nEso, sumado a un <strong>descenso de mi actividad deportiva<\/strong>, da las claves del aumento de peso. Se rompi\u00f3 la ecuaci\u00f3n de quemar m\u00e1s que lo que se come.<br \/>\nAs\u00ed que <strong>Paula Fern\u00e1ndez<\/strong> <strong>me puso deberes<\/strong> ya en mi primer paso por el <a href=\"http:\/\/www.nutriumpfg.com\/\"><strong>Centro de Nutrici\u00f3n y Diet\u00e9tica Nutrium<\/strong><\/a>\u00a0 para retomar las buenas costumbres.<br \/>\nAntes, como siempre,<strong> busc\u00f3 el lado positivo<\/strong> a este nuevo esfuerzo y <strong>lo focaliz\u00f3 en dos puntos<\/strong>:<br \/>\n-si lo vuelvo a intentar,<strong> vuelvo a asumir una responsabilidad<\/strong>;<br \/>\n-despu\u00e9s del primer proceso, <strong>ya sabemos d\u00f3nde est\u00e1 la piedra del camino<\/strong>.<br \/>\nLos deberes est\u00e1n basados en una <strong>palabra fundamental: PLANIFICACI\u00d3N<\/strong>.<br \/>\n<!--more--><\/p>\n<p>1-<strong>Planificaci\u00f3n de cenas<\/strong>: Papel y boli para organizar los men\u00fas y hacer la lista de la compra; despu\u00e9s, preparaci\u00f3n previa para que, cuando llegue a casa, no haya m\u00e1s que calentar o ali\u00f1ar y as\u00ed evitar las tentaciones de la pereza.<br \/>\nPara ayudarme, me pas\u00f3 este listado de <strong>Cenas sencillas y saludables<\/strong> que aparecen al final del post.<br \/>\n2-<strong>Planificaci\u00f3n de deporte<\/strong>: tambi\u00e9n con papel y boli. Aqu\u00ed le llegar\u00e1 el turno de hacer caso a <strong>Roberto Molina<\/strong> que, adem\u00e1s de la sesi\u00f3n semanal en el <a href=\"http:\/\/fisioterapialasgaunas.es\/\"><strong>Centro de Fisioterapia y Medicina Deportiva Las Gaunas<\/strong><\/a>, ya me dijo que tocaba a coger rutina de otras dos sesiones por mi cuenta.<br \/>\n3-<strong>M\u00e1s frutas, menos l\u00e1cteos grasos<\/strong>.<\/p>\n<p>Y en ello estoy&#8230;<\/p>\n<p><a href=\"https:\/\/static-blogs.larioja.com\/wp-content\/uploads\/sites\/61\/2018\/03\/cenas11-e1521048016620.jpg\"><img loading=\"lazy\" class=\"alignleft size-full wp-image-221\" src=\"https:\/\/static-blogs.larioja.com\/wp-content\/uploads\/sites\/61\/2018\/03\/cenas11-e1521048016620.jpg\" alt=\"cenas11\" width=\"640\" height=\"921\" \/><\/a><\/p>\n","protected":false},"excerpt":{"rendered":"<p>Una de las principales causas de mi reca\u00edda ha sido el descontrol en las cenas. Mi vida, en general, hace que mi d\u00eda acabe a unas horas un tanto tard\u00edas. La consecuencia, que cenaba tarde y sin orden. Volv\u00ed a caer en error de comer lo primero que pillaba y, pese a que mi frigor\u00edfico [&hellip;]<\/p>\n","protected":false},"author":62,"featured_media":0,"comment_status":"open","ping_status":"closed","sticky":false,"template":"","format":"standard","meta":[],"categories":[1],"tags":[],"_links":{"self":[{"href":"https:\/\/blogs.larioja.com\/objetivo-25-kilos\/wp-json\/wp\/v2\/posts\/220"}],"collection":[{"href":"https:\/\/blogs.larioja.com\/objetivo-25-kilos\/wp-json\/wp\/v2\/posts"}],"about":[{"href":"https:\/\/blogs.larioja.com\/objetivo-25-kilos\/wp-json\/wp\/v2\/types\/post"}],"author":[{"embeddable":true,"href":"https:\/\/blogs.larioja.com\/objetivo-25-kilos\/wp-json\/wp\/v2\/users\/62"}],"replies":[{"embeddable":true,"href":"https:\/\/blogs.larioja.com\/objetivo-25-kilos\/wp-json\/wp\/v2\/comments?post=220"}],"version-history":[{"count":1,"href":"https:\/\/blogs.larioja.com\/objetivo-25-kilos\/wp-json\/wp\/v2\/posts\/220\/revisions"}],"predecessor-version":[{"id":223,"href":"https:\/\/blogs.larioja.com\/objetivo-25-kilos\/wp-json\/wp\/v2\/posts\/220\/revisions\/223"}],"wp:attachment":[{"href":"https:\/\/blogs.larioja.com\/objetivo-25-kilos\/wp-json\/wp\/v2\/media?parent=220"}],"wp:term":[{"taxonomy":"category","embeddable":true,"href":"https:\/\/blogs.larioja.com\/objetivo-25-kilos\/wp-json\/wp\/v2\/categories?post=220"},{"taxonomy":"post_tag","embeddable":true,"href":"https:\/\/blogs.larioja.com\/objetivo-25-kilos\/wp-json\/wp\/v2\/tags?post=220"}],"curies":[{"name":"wp","href":"https:\/\/api.w.org\/{rel}","templated":true}]}}