{"id":230,"date":"2018-10-03T00:41:38","date_gmt":"2018-10-02T22:41:38","guid":{"rendered":"http:\/\/blogs.larioja.com\/objetivo-25-kilos\/?p=230"},"modified":"2018-10-22T16:04:57","modified_gmt":"2018-10-22T14:04:57","slug":"bajo-cero","status":"publish","type":"post","link":"https:\/\/blogs.larioja.com\/objetivo-25-kilos\/2018\/10\/03\/bajo-cero\/","title":{"rendered":"Bajo cero"},"content":{"rendered":"<p>&nbsp;<\/p>\n<p>Es muy posible que mientras est\u00e1s leyendo estas l\u00edneas, un servidor est\u00e9 <strong>recibiendo la merecida reprimenda de Paula Fern\u00e1ndez<\/strong> en mi vuelta al <a href=\"http:\/\/www.nutriumpfg.com\/\"><strong>Centro de Nutrici\u00f3n y Diet\u00e9tica Nutrium<\/strong><\/a> despu\u00e9s de <strong>muchos meses alejado de su consulta, de sus consejos y de los h\u00e1bitos saludables<\/strong> que durante buena parte de los \u00faltimos dos a\u00f1os y medio consigui\u00f3 que mantuviera.<\/p>\n<p>En estos meses de calor, de mucho calor, yo <strong>me he quedado bajo cero<\/strong>. He <strong>echado a perder el trabajo de muchos durante mucho tiempo<\/strong> en un escaso margen en el que he <strong>incumplido todo<\/strong> aquello que ya sab\u00eda, partiendo de la primera premisa de que<strong> deporte y alimentaci\u00f3n deben ir de la mano<\/strong>, de que hay que quemar aquello que se come. Premisa tan f\u00e1cil de entender como dif\u00edcil de cumplir cuando se abandona el compromiso con uno mismo y con los dem\u00e1s.<\/p>\n<p>Reconozco que <strong>no me he pesado en los \u00faltimos meses, porque no me hace falta ver los n\u00fameros para saber que he ganado aquello que perd\u00ed<\/strong> y he perdido aquello que gan\u00e9. Seguramente, cuando leas este post, ya me habr\u00e9 llevado las manos a la cabeza tras el paso por la insobornable tanita.\u00a0 En el pr\u00f3ximo cap\u00edtulo os contar\u00e9 todo con pelos y se\u00f1ales\u2026 y cifras.<\/p>\n<p><strong>Toca ahora pedir una segunda oportunidad<\/strong>. Por suerte, si algo he tenido en este camino de \u2018Objetivo 25 kilos\u2019 ha sido <strong>buena gente y fenomenales profesionales que creen en las segundas oportunidades\u00a0 y que vuelven a apostar por m\u00ed en este reto<\/strong>, quiz\u00e1s m\u00e1s dif\u00edcil todav\u00eda que el primero. Paula en Nutrium, <strong>Miguel Moreno, Chema Urraca<\/strong> y todo su equipo en el <a href=\"http:\/\/fisioterapialasgaunas.es\/\"><strong>Centro de Medicina Deportiva Las Gaunas<\/strong><\/a> vuelven a convertirse en esa colchoneta salvadora que me impide darme de bruces con el suelo en esta nueva andadura para la que yo no les hab\u00eda dado motivos para seguir, para confiar. Pero ah\u00ed est\u00e1n. <strong>Millones de gracias<\/strong>.<br \/>\n<!--more--><\/p>\n<p>Esta vez, <strong>Roberto Molina<\/strong>, uno de mis \u00e1ngeles, me seguir\u00e1 y apoyar\u00e1 desde la distancia. No por falta de ganas y compromiso, todo lo contrario. <strong>Es un crack que se merece que todo lo que le pase sea bueno<\/strong> y al que su amor por el baloncesto y sus conocimientos y experiencia como preparador f\u00edsico le han abierto una nueva puerta como \u2018hombre de negro\u2019 en el Bilbao Basket (adem\u00e1s de su experiencia veraniega con las selecciones inferiores de Espa\u00f1a).<\/p>\n<p>Esta nueva etapa viene marcada por una <strong>verg\u00fcenza inicial m\u00e1s pronunciada que la primera vez<\/strong>. Muchos de los que me dieron su apoyo cuando comenc\u00e9, han visto y me han hecho ver que he vuelto a las andadas y que toca retomar aquello que me he dejado en el camino. <strong>Me ha tocado volver a escuchar otra vez eso de \u2018pap\u00e1, has engordado\u2019. Y eso duele.<\/strong><\/p>\n<p>El caso es que pese a esa verg\u00fcenza y esa sensaci\u00f3n de haber fallado a aquellos que me apoyaron, vuelvo con las <strong>ganas de hacer que esta reca\u00edda no se convierta en un fracaso perpetuo<\/strong> y con la intenci\u00f3n de volver a mirar hacia adelante para volver a vivir la buena vida que he escondido, que no olvidado.<\/p>\n<p><strong>Vuelvo a empezar. De nuevo, gordo, con el tend\u00f3n de Aquiles hecho unos zorros y con mucho camino por recorrer<\/strong>. Pero vuelvo <strong>con mis \u00e1ngeles, con mis soportes<\/strong>. Adem\u00e1s, vuelvo con un<strong> nuevo reto, muy sorprendente<\/strong>. Un reto que lleg\u00f3 a trav\u00e9s de una llamada inesperada, \u00a0de alguien del pasado que me anima a mirar al futuro, y que vino acompa\u00f1ada de <strong>una propuesta tan arriesgada como atractiva<\/strong>. Un reto alucinante que vuelve a exigir compromiso, ilusi\u00f3n, preparaci\u00f3n y que <strong>me obligar\u00e1 aprender cosas impropias de mis casi 44 a\u00f1os y que va a despertar muchas risas&#8230;<\/strong> Pero eso ya os lo cuento en unos d\u00edas\u2026<\/p>\n<p><strong>Vuelve \u2018Objetivo 25 kilos\u2019.<\/strong><\/p>\n","protected":false},"excerpt":{"rendered":"<p>&nbsp; Es muy posible que mientras est\u00e1s leyendo estas l\u00edneas, un servidor est\u00e9 recibiendo la merecida reprimenda de Paula Fern\u00e1ndez en mi vuelta al Centro de Nutrici\u00f3n y Diet\u00e9tica Nutrium despu\u00e9s de muchos meses alejado de su consulta, de sus consejos y de los h\u00e1bitos saludables que durante buena parte de los \u00faltimos dos a\u00f1os [&hellip;]<\/p>\n","protected":false},"author":62,"featured_media":235,"comment_status":"open","ping_status":"closed","sticky":false,"template":"","format":"standard","meta":[],"categories":[1],"tags":[],"_links":{"self":[{"href":"https:\/\/blogs.larioja.com\/objetivo-25-kilos\/wp-json\/wp\/v2\/posts\/230"}],"collection":[{"href":"https:\/\/blogs.larioja.com\/objetivo-25-kilos\/wp-json\/wp\/v2\/posts"}],"about":[{"href":"https:\/\/blogs.larioja.com\/objetivo-25-kilos\/wp-json\/wp\/v2\/types\/post"}],"author":[{"embeddable":true,"href":"https:\/\/blogs.larioja.com\/objetivo-25-kilos\/wp-json\/wp\/v2\/users\/62"}],"replies":[{"embeddable":true,"href":"https:\/\/blogs.larioja.com\/objetivo-25-kilos\/wp-json\/wp\/v2\/comments?post=230"}],"version-history":[{"count":6,"href":"https:\/\/blogs.larioja.com\/objetivo-25-kilos\/wp-json\/wp\/v2\/posts\/230\/revisions"}],"predecessor-version":[{"id":243,"href":"https:\/\/blogs.larioja.com\/objetivo-25-kilos\/wp-json\/wp\/v2\/posts\/230\/revisions\/243"}],"wp:featuredmedia":[{"embeddable":true,"href":"https:\/\/blogs.larioja.com\/objetivo-25-kilos\/wp-json\/wp\/v2\/media\/235"}],"wp:attachment":[{"href":"https:\/\/blogs.larioja.com\/objetivo-25-kilos\/wp-json\/wp\/v2\/media?parent=230"}],"wp:term":[{"taxonomy":"category","embeddable":true,"href":"https:\/\/blogs.larioja.com\/objetivo-25-kilos\/wp-json\/wp\/v2\/categories?post=230"},{"taxonomy":"post_tag","embeddable":true,"href":"https:\/\/blogs.larioja.com\/objetivo-25-kilos\/wp-json\/wp\/v2\/tags?post=230"}],"curies":[{"name":"wp","href":"https:\/\/api.w.org\/{rel}","templated":true}]}}