{"id":244,"date":"2018-10-22T17:11:47","date_gmt":"2018-10-22T15:11:47","guid":{"rendered":"https:\/\/blogs.larioja.com\/objetivo-25-kilos\/?p=244"},"modified":"2018-10-22T18:43:58","modified_gmt":"2018-10-22T16:43:58","slug":"aprendiendo-a-montar-en-bici-a-los-44-los-videos","status":"publish","type":"post","link":"https:\/\/blogs.larioja.com\/objetivo-25-kilos\/2018\/10\/22\/aprendiendo-a-montar-en-bici-a-los-44-los-videos\/","title":{"rendered":"Aprendiendo a montar en bici a los 44: los v\u00eddeos"},"content":{"rendered":"<p>Est\u00e1 claro que <strong>para hacer un triatl\u00f3n hay que saber correr, saber nadar y saber andar en bici<\/strong>. Eso es innegociable. Pues yo,ahora mismo,<strong> no s\u00e9 andar en bici, he nadado unas pocas brazadas en el \u00faltimo lustro y mi da\u00f1ado tend\u00f3n de Aquiles no me permite correr<\/strong>. El panorama es esperanzador. <strong>S\u00f3lo puede mejorar.\u00a0 \ud83d\ude09<\/strong><br \/>\nCon la nataci\u00f3n empezar\u00e9 en breve.<br \/>\nEl tend\u00f3n va mejor (solo faltaba despu\u00e9s de tres semanas) y, tras <strong>la prueba de esfuerzo del mi\u00e9rcoles que me va a realizar el doctor Chema Urraca en el <a href=\"http:\/\/crdlasgaunas.es\/\" target=\"_blank\">Centro de Fisioterapia y Medicina Deportiva Las Gaunas<\/a><\/strong>, estoy <strong>seguro de que en manos de Miguel Moreno y todo su equipo (Mar\u00eda, Sandra, Alberto&#8230;) mejorar\u00e1 hasta quedar en el olvido<\/strong>. Ya lo hicieron en el anterior reto y solo yo hice que volviera a recaer.<br \/>\nLa <strong>p\u00e9rdida de peso va, creo, por buen camino<\/strong>. A ver qu\u00e9 me dice <strong>Paula Fern\u00e1ndez<\/strong> en mi pr\u00f3ximo paso por el <strong><a href=\"http:\/\/www.nutriumpfg.com\/\" target=\"_blank\">Centro de Nutrici\u00f3n y Diet\u00e9tica Nutrium<\/a><\/strong>. Espero que progrese adecuadamente.<br \/>\nY lo de la bicicleta&#8230; <strong>\u00a1\u00a1\u00a1Ayyyy la bicicleta!!!<\/strong> Anda que no queda trabajo por delante para empezar a entrenar en concreto el triatl\u00f3n. <strong>Borja Langarica, ten paciencia<\/strong> porque conseguir\u00e9 que puedas hacer algo conmigo y <strong><a href=\"http:\/\/www.triatlontritones.com\/\" target=\"_blank\">convertirme en uno de tus Tritones<\/a><\/strong>.<br \/>\nEl domingo fue el <strong>primer c\u00e1pitulo<\/strong> de &#8216;<strong>APRENDIENDO A MONTAR EN BICICLETA A LOS 44<\/strong>&#8216;.<\/p>\n<p>En el episodio I, a falta de uno, <strong>tres fueron mis sufridos y entregados profesores<\/strong>: <strong>Carolina<\/strong>, que encima puso en riesgo su bici; y <strong>Beltr\u00e1n y Mateo, dos maestros de 7 y 9<\/strong> a\u00f1os que, adem\u00e1s de <strong>animarme, me acompa\u00f1aron y custodiaron<\/strong> en mis <strong>primeras pedaladas<\/strong>.<br \/>\nLos <strong>v\u00eddeos<\/strong> que se pueden ver en este post son cristalinos. Queda mucho camino por recorrer.<br \/>\nLa <strong>verg\u00fcenza era el primer impedimento<\/strong>. Pero <strong>este blog me ha ayudado a quitarme muchas verg\u00fcenzas<\/strong>. Cierto es que intent\u00e9 ir a un sitio poco transitado. Por mi bien&#8230; y por el de los peatones que se atrevieran a pasar.<br \/>\nMe cal\u00e9 el casco nuevo que me hab\u00edan regalado mis profes en mi reciente cumplea\u00f1os. Ya veis, <strong>con casco y sin bici<\/strong>. Lo primero es la seguridad&#8230;<br \/>\nAlguna cuadrilla de j\u00f3venes miraba sorprendida y se les escapaba m\u00e1s de una risa. <strong>\u201cPap\u00e1, te est\u00e1n mirando&#8230;\u201d<\/strong>, me avisaba Beltr\u00e1n. Pero a m\u00ed no me quedaba m\u00e1s que ir a lo m\u00edo, que ya era mucho.<\/p>\n<p>&nbsp;<\/p>\n<p><a href=\"https:\/\/static-blogs.larioja.com\/wp-content\/uploads\/sites\/61\/2018\/10\/bicimini1.jpg\"><img loading=\"lazy\" class=\"alignleft size-full wp-image-247\" src=\"https:\/\/static-blogs.larioja.com\/wp-content\/uploads\/sites\/61\/2018\/10\/bicimini1.jpg\" alt=\"bicimini1\" width=\"1266\" height=\"712\" srcset=\"https:\/\/static-blogs.larioja.com\/wp-content\/uploads\/sites\/61\/2018\/10\/bicimini1.jpg 1266w, https:\/\/static-blogs.larioja.com\/wp-content\/uploads\/sites\/61\/2018\/10\/bicimini1-300x169.jpg 300w, https:\/\/static-blogs.larioja.com\/wp-content\/uploads\/sites\/61\/2018\/10\/bicimini1-768x432.jpg 768w, https:\/\/static-blogs.larioja.com\/wp-content\/uploads\/sites\/61\/2018\/10\/bicimini1-1024x576.jpg 1024w\" sizes=\"(max-width: 1266px) 100vw, 1266px\" \/><\/a><br \/>\nEn los <strong>primeros intentos, bastante hice con mantenerme sobre la bici<\/strong>. Despu\u00e9s, tocaba intentar <strong>seguir en l\u00ednea<\/strong> sobre una pista totalmente recta.<br \/>\nLuego, le lleg\u00f3 el <strong>turno a las curvas<\/strong>. De momento, <strong>las hago muy amplias, ampl\u00edsimas<\/strong>. De hecho, acab\u00e9 alguna vez en el camino siguiente al que pretend\u00eda; en otras, <strong>la acera se me hizo muy peque\u00f1a y termin\u00e9 en la carretera y en direcci\u00f3n contraria<\/strong>; y en muchas, ni gir\u00e9&#8230;<br \/>\n<strong>Lo de frenar no lo llevo bien<\/strong>. M\u00e1s bien, no lo llevo. Me da que <strong>voy a quemar mucha suela de zapatilla<\/strong> en este aprendizaje hasta que me acostumbre a usar los frenos de la propia bici.<br \/>\n<strong>Varias farolas sufrieron mis embestidas&#8230;<\/strong> y todav\u00eda siguen en pie.<br \/>\nEspecialmente <strong>duro fue el choque final<\/strong>. Cuando ya iba camino de la meta (el banco en el que me esperaban mis maestros) me vi confiado para adelantar a una se\u00f1ora justo en una curva. Pero <strong>la confianza me abandon\u00f3 de repente y segu\u00ed el camino recto hacia la inocente farola<\/strong>. Ya he dicho que lo de frenar todav\u00eda no lo llevo demasiado bien. <strong>Resultado: golpetazo, susto, foco de la bici roto, manillar movido<\/strong> y peque\u00f1o arreglillo de la mec\u00e1nica para que volviera todo a su sitio&#8230; Ah\u00ed, como me dijo el peque: <strong>\u201cPap\u00e1, lo importante es que t\u00fa est\u00e9s bien. La bici se arregla si se estropea, pero si te rompes t\u00fa, no\u201d<\/strong>.<br \/>\nFue el momento de poner <strong>fin a la primera jornada<\/strong>.<br \/>\n<a href=\"https:\/\/static-blogs.larioja.com\/wp-content\/uploads\/sites\/61\/2018\/10\/carol-luismib.jpg\"><img loading=\"lazy\" class=\"alignleft size-full wp-image-246\" src=\"https:\/\/static-blogs.larioja.com\/wp-content\/uploads\/sites\/61\/2018\/10\/carol-luismib.jpg\" alt=\"carol-luismib\" width=\"1201\" height=\"807\" srcset=\"https:\/\/static-blogs.larioja.com\/wp-content\/uploads\/sites\/61\/2018\/10\/carol-luismib.jpg 1201w, https:\/\/static-blogs.larioja.com\/wp-content\/uploads\/sites\/61\/2018\/10\/carol-luismib-300x202.jpg 300w, https:\/\/static-blogs.larioja.com\/wp-content\/uploads\/sites\/61\/2018\/10\/carol-luismib-768x516.jpg 768w, https:\/\/static-blogs.larioja.com\/wp-content\/uploads\/sites\/61\/2018\/10\/carol-luismib-1024x688.jpg 1024w\" sizes=\"(max-width: 1201px) 100vw, 1201px\" \/><\/a><br \/>\nQue <strong>voy m\u00e1s tenso que un cerdo en el d\u00eda de San Mart\u00edn<\/strong>, es evidente. El <strong>miedo me acompa\u00f1a<\/strong> montado en las traseras (y en las delanteras) de la bici. Cuando me baj\u00e9 estaba agotado, empapado en sudor, me sent\u00eda todos los m\u00fasculos y <strong>los brazos los ten\u00eda m\u00e1s r\u00edgidos que una barra de acero<\/strong>. Cuando me mir\u00e9 las manos, <strong>ten\u00eda marcadas a fuego las marcas de los manguitos del manillar<\/strong>. Y cost\u00f3 que se quitaran un buen rato. Vamos, que me agarr\u00e9 a la bici tan fuerte que casi me llevo el manillar fundido a m\u00ed.<br \/>\nLo bueno es que, en resumen, <strong>la primera experiencia ha sido muy estimulante<\/strong>.<br \/>\nPor momentos, <strong>cre\u00ed que iba r\u00e1pido<\/strong>. Cuando vi los v\u00eddeos me di cuenta de que solo era mi sensaci\u00f3n. <strong>El caballo del malo me pillar\u00eda yendo a trote suave<\/strong>.<br \/>\nLlega la hora de coger la bici m\u00e1s d\u00edas, m\u00e1s tiempo, m\u00e1s distancia, m\u00e1s r\u00e1pido&#8230;<br \/>\nY <strong>llegan los v\u00eddeos<\/strong>. Aqu\u00ed pod\u00e9is ver mi evoluci\u00f3n en cuatro pasos.<br \/>\nEs conveniente <strong>verlos con audio<\/strong> para no perderse los detalles ;-))<\/p>\n<p>&nbsp;<\/p>\n<p><strong>Paso 1: La farola no es tu amiga. No la abraces.<\/strong><br \/>\n<iframe loading=\"lazy\" src=\"\/\/players.brightcove.net\/86746484001\/default_default\/index.html?videoId=5851558717001\" width=\"600\" height=\"300\" allowfullscreen=\"allowfullscreen\"><\/iframe><\/p>\n<p><strong>Paso 2: Sigue recto, que ya es bastante<\/strong>.<br \/>\n<iframe loading=\"lazy\" src=\"\/\/players.brightcove.net\/86746484001\/default_default\/index.html?videoId=5851560260001\" width=\"600\" height=\"300\" allowfullscreen=\"allowfullscreen\"><\/iframe><\/p>\n<p><strong>Paso 3: Frenar, \u00a1&#8217;pa&#8217; qu\u00e9!<\/strong><br \/>\n<iframe loading=\"lazy\" src=\"\/\/players.brightcove.net\/86746484001\/default_default\/index.html?videoId=5851560261001\" width=\"600\" height=\"300\" allowfullscreen=\"allowfullscreen\"><\/iframe><\/p>\n<p><strong>Paso 4: Una curva muy amplia<\/strong><br \/>\n<iframe loading=\"lazy\" src=\"\/\/players.brightcove.net\/86746484001\/default_default\/index.html?videoId=5851561114001\" width=\"600\" height=\"300\" allowfullscreen=\"allowfullscreen\"><\/iframe><\/p>\n<p>Prometo poner m\u00e1s v\u00eddeos de los pr\u00f3ximos intentos. De momento, por hoy vale. Estoy pensando en <strong>comprar una bici de cemento armado, baratita y a prueba de torpes como yo, para que aguante estos primeros cap\u00edtulos. \u00bfAlguna idea?<\/strong><\/p>\n","protected":false},"excerpt":{"rendered":"<p>Est\u00e1 claro que para hacer un triatl\u00f3n hay que saber correr, saber nadar y saber andar en bici. Eso es innegociable. Pues yo,ahora mismo, no s\u00e9 andar en bici, he nadado unas pocas brazadas en el \u00faltimo lustro y mi da\u00f1ado tend\u00f3n de Aquiles no me permite correr. El panorama es esperanzador. S\u00f3lo puede mejorar.\u00a0 [&hellip;]<\/p>\n","protected":false},"author":62,"featured_media":245,"comment_status":"open","ping_status":"closed","sticky":false,"template":"","format":"standard","meta":[],"categories":[1],"tags":[],"_links":{"self":[{"href":"https:\/\/blogs.larioja.com\/objetivo-25-kilos\/wp-json\/wp\/v2\/posts\/244"}],"collection":[{"href":"https:\/\/blogs.larioja.com\/objetivo-25-kilos\/wp-json\/wp\/v2\/posts"}],"about":[{"href":"https:\/\/blogs.larioja.com\/objetivo-25-kilos\/wp-json\/wp\/v2\/types\/post"}],"author":[{"embeddable":true,"href":"https:\/\/blogs.larioja.com\/objetivo-25-kilos\/wp-json\/wp\/v2\/users\/62"}],"replies":[{"embeddable":true,"href":"https:\/\/blogs.larioja.com\/objetivo-25-kilos\/wp-json\/wp\/v2\/comments?post=244"}],"version-history":[{"count":6,"href":"https:\/\/blogs.larioja.com\/objetivo-25-kilos\/wp-json\/wp\/v2\/posts\/244\/revisions"}],"predecessor-version":[{"id":253,"href":"https:\/\/blogs.larioja.com\/objetivo-25-kilos\/wp-json\/wp\/v2\/posts\/244\/revisions\/253"}],"wp:featuredmedia":[{"embeddable":true,"href":"https:\/\/blogs.larioja.com\/objetivo-25-kilos\/wp-json\/wp\/v2\/media\/245"}],"wp:attachment":[{"href":"https:\/\/blogs.larioja.com\/objetivo-25-kilos\/wp-json\/wp\/v2\/media?parent=244"}],"wp:term":[{"taxonomy":"category","embeddable":true,"href":"https:\/\/blogs.larioja.com\/objetivo-25-kilos\/wp-json\/wp\/v2\/categories?post=244"},{"taxonomy":"post_tag","embeddable":true,"href":"https:\/\/blogs.larioja.com\/objetivo-25-kilos\/wp-json\/wp\/v2\/tags?post=244"}],"curies":[{"name":"wp","href":"https:\/\/api.w.org\/{rel}","templated":true}]}}