{"id":263,"date":"2018-11-22T19:18:54","date_gmt":"2018-11-22T18:18:54","guid":{"rendered":"https:\/\/blogs.larioja.com\/objetivo-25-kilos\/?p=263"},"modified":"2018-11-22T19:18:54","modified_gmt":"2018-11-22T18:18:54","slug":"hacer-bueno-lo-malo","status":"publish","type":"post","link":"https:\/\/blogs.larioja.com\/objetivo-25-kilos\/2018\/11\/22\/hacer-bueno-lo-malo\/","title":{"rendered":"Hacer bueno lo malo"},"content":{"rendered":"<p><strong>De m\u00e1s a menos y de menos a m\u00e1s<\/strong>. As\u00ed se resume esta semana de <strong>#Objetivo25kilos<\/strong>.<br \/>\nAhora mismo estoy <strong>centrado en dos de las tres patas de este proyecto<\/strong>. Toca <strong>perder peso y recuperar el tend\u00f3n de Aquiles<\/strong>. La <strong>preparaci\u00f3n espec\u00edfica para el triatl\u00f3n<\/strong>, como ya adelant\u00e9 hace unos d\u00edas, <strong>tiene que esperar<\/strong>. Primero toca <strong>volver a meterme en el grupo de personas sanas, saludables y deportistas<\/strong> y despu\u00e9s ya llegar\u00e1 la hora de centrarse en c\u00f3mo <strong>colarse entre los <a href=\"http:\/\/www.triatlontritones.com\/\" target=\"_blank\">Tritones de Borja Langarica<\/a><\/strong>.<br \/>\n<strong>No puedo estar m\u00e1s contento<\/strong>. Estaba mal, estoy mal, pero voy mejor. Y <strong>estoy en las mejores manos<\/strong>.<br \/>\nEn cuanto al <strong>peso, desciendo adecuadamente<\/strong>. En mi \u00faltimo paso por el <a href=\"http:\/\/www.nutriumpfg.com\/\" target=\"_blank\"><strong>Centro de Nutrici\u00f3n y Diet\u00e9tica Nutrium<\/strong><\/a>, <strong>Paula Fern\u00e1ndez<\/strong> me dio buenas noticias. <strong>2,300 kilos menos<\/strong> que sumar a los 4 ya perdidos, para un <strong>total de 6,300<\/strong>. As\u00ed que ya voy por los <strong>116,7 kilos<\/strong> y varios cent\u00edmetros de per\u00edmetro abdominal perdidos.<br \/>\nToca seguir bajando, pero cada vez que paso por la consulta de Paula supone un <strong>mordisco de optimismo, de algo que no engorda, que ayuda a seguir y que compensa cualquier esfuerzo<\/strong>.<br \/>\nAdem\u00e1s, <strong>planificamos las dos siguientes semanas<\/strong> -d\u00edas de hidratos, legumbres, verduras&#8230;- y recuperamos algunas recetas. Una de ellas, la del <strong>pollo a la naranja<\/strong>, la ten\u00eda bien olvidada&#8230; y no s\u00e9 por qu\u00e9. La hice este fin de semana y, <strong>adem\u00e1s de sana, estaba riqu\u00edsima<\/strong>. Triunf\u00e9 ante los <strong>exigentes paladares de Mateo y Beltr\u00e1n<\/strong>, Aqu\u00ed os dejo la foto del resultado final.<\/p>\n<p><a href=\"https:\/\/static-blogs.larioja.com\/wp-content\/uploads\/sites\/61\/2018\/11\/pollo-naranja.jpeg\"><img loading=\"lazy\" class=\"alignleft size-full wp-image-264\" src=\"https:\/\/static-blogs.larioja.com\/wp-content\/uploads\/sites\/61\/2018\/11\/pollo-naranja.jpeg\" alt=\"pollo-naranja\" width=\"1328\" height=\"747\" srcset=\"https:\/\/static-blogs.larioja.com\/wp-content\/uploads\/sites\/61\/2018\/11\/pollo-naranja.jpeg 1328w, https:\/\/static-blogs.larioja.com\/wp-content\/uploads\/sites\/61\/2018\/11\/pollo-naranja-300x169.jpeg 300w, https:\/\/static-blogs.larioja.com\/wp-content\/uploads\/sites\/61\/2018\/11\/pollo-naranja-768x432.jpeg 768w, https:\/\/static-blogs.larioja.com\/wp-content\/uploads\/sites\/61\/2018\/11\/pollo-naranja-1024x576.jpeg 1024w\" sizes=\"(max-width: 1328px) 100vw, 1328px\" \/><\/a><br \/>\nDespu\u00e9s, toc\u00f3 <strong>ponerme en manos de Miguel Moreno<\/strong> en el <a href=\"http:\/\/crdlasgaunas.es\/\" target=\"_blank\"><strong>Centro de Fisioterapia y Medicina Deportiva Las Gaunas<\/strong><\/a>. No os pod\u00e9is hacer a la idea del <strong>cari\u00f1o, respeto y admiraci\u00f3n que le tengo pese a que nadie me pone m\u00e1s al borde de los lagrimones que \u00e9l<\/strong>. Me <strong>trabaj\u00f3 mi maltrecho tend\u00f3n<\/strong> como quien pretende <strong>sacar una obra de arte de una masa informe<\/strong>. Como dir\u00eda Robert de Niro en Una terapia peligrosa, <strong>&#8220;\u00a1Eres bueno! \u00a1Eres muy bueno!&#8221;<\/strong>. Y, adem\u00e1s, est\u00e1 <strong>siempre a la \u00faltima<\/strong> de aparatos que le ayuden a diagnosticar y recuperar. Yo alucino cada vez que entro. <strong>Para m\u00ed es como entrar en la NASA<\/strong> (de hecho, la Alter G es tecnolog\u00eda de la NASA).<br \/>\nEl caso es que me realiz\u00f3 un <strong>mapa de calor<\/strong> para valorar el estado de los Aquiles y las zonas que m\u00e1s castigo en mi d\u00eda a d\u00eda, me hizo varias pruebas para comprobar el estado de mis piernas, trabaj\u00f3 el tend\u00f3n con ultrasonidos, <strong>me aplic\u00f3 la EPI<\/strong> (Electrolisis Percut\u00e1nea Intratisular) y me aplic\u00f3 al final calor. Miguel, siento mucho si no s\u00e9 hablar con la propiedad necesaria, pero <strong>te lo curraste tanto que ya me pierdo con tanto y tan buen cuidado<\/strong>.<br \/>\nEste viernes <strong>comienzo con el tratamiento de inyecci\u00f3n de plasma<\/strong> que el <strong>doctor Chema Urraca<\/strong> consider\u00f3 como necesario para la recuperaci\u00f3n.<br \/>\nLo dicho, <strong>un lujo profesional para un tipo que ahora no se puede considerar ni un deportista aficionado<\/strong>.<br \/>\nEntre todos <strong>van a conseguir hacer bueno lo malo<\/strong>.<br \/>\n<iframe loading=\"lazy\" style=\"border: none; overflow: hidden;\" src=\"https:\/\/www.facebook.com\/plugins\/post.php?href=https%3A%2F%2Fwww.facebook.com%2Fluismicamara%2Fposts%2F10156182674600000&amp;width=500\" width=\"500\" height=\"435\" frameborder=\"0\" scrolling=\"no\"><\/iframe><\/p>\n","protected":false},"excerpt":{"rendered":"<p>De m\u00e1s a menos y de menos a m\u00e1s. As\u00ed se resume esta semana de #Objetivo25kilos. Ahora mismo estoy centrado en dos de las tres patas de este proyecto. Toca perder peso y recuperar el tend\u00f3n de Aquiles. La preparaci\u00f3n espec\u00edfica para el triatl\u00f3n, como ya adelant\u00e9 hace unos d\u00edas, tiene que esperar. Primero toca [&hellip;]<\/p>\n","protected":false},"author":62,"featured_media":265,"comment_status":"open","ping_status":"closed","sticky":false,"template":"","format":"standard","meta":[],"categories":[1],"tags":[],"_links":{"self":[{"href":"https:\/\/blogs.larioja.com\/objetivo-25-kilos\/wp-json\/wp\/v2\/posts\/263"}],"collection":[{"href":"https:\/\/blogs.larioja.com\/objetivo-25-kilos\/wp-json\/wp\/v2\/posts"}],"about":[{"href":"https:\/\/blogs.larioja.com\/objetivo-25-kilos\/wp-json\/wp\/v2\/types\/post"}],"author":[{"embeddable":true,"href":"https:\/\/blogs.larioja.com\/objetivo-25-kilos\/wp-json\/wp\/v2\/users\/62"}],"replies":[{"embeddable":true,"href":"https:\/\/blogs.larioja.com\/objetivo-25-kilos\/wp-json\/wp\/v2\/comments?post=263"}],"version-history":[{"count":1,"href":"https:\/\/blogs.larioja.com\/objetivo-25-kilos\/wp-json\/wp\/v2\/posts\/263\/revisions"}],"predecessor-version":[{"id":266,"href":"https:\/\/blogs.larioja.com\/objetivo-25-kilos\/wp-json\/wp\/v2\/posts\/263\/revisions\/266"}],"wp:featuredmedia":[{"embeddable":true,"href":"https:\/\/blogs.larioja.com\/objetivo-25-kilos\/wp-json\/wp\/v2\/media\/265"}],"wp:attachment":[{"href":"https:\/\/blogs.larioja.com\/objetivo-25-kilos\/wp-json\/wp\/v2\/media?parent=263"}],"wp:term":[{"taxonomy":"category","embeddable":true,"href":"https:\/\/blogs.larioja.com\/objetivo-25-kilos\/wp-json\/wp\/v2\/categories?post=263"},{"taxonomy":"post_tag","embeddable":true,"href":"https:\/\/blogs.larioja.com\/objetivo-25-kilos\/wp-json\/wp\/v2\/tags?post=263"}],"curies":[{"name":"wp","href":"https:\/\/api.w.org\/{rel}","templated":true}]}}