{"id":273,"date":"2019-01-02T21:09:12","date_gmt":"2019-01-02T20:09:12","guid":{"rendered":"https:\/\/blogs.larioja.com\/objetivo-25-kilos\/?p=273"},"modified":"2019-01-02T21:20:48","modified_gmt":"2019-01-02T20:20:48","slug":"al-2019-con-mala-pata","status":"publish","type":"post","link":"https:\/\/blogs.larioja.com\/objetivo-25-kilos\/2019\/01\/02\/al-2019-con-mala-pata\/","title":{"rendered":"Al 2019 con mala pata"},"content":{"rendered":"<p>Entre mis <strong>prop\u00f3sitos para este nuevo a\u00f1<\/strong>o estaba el de <strong>ver menos a Chema Urraca y Miguel Moreno<\/strong> en el <a href=\"http:\/\/fisioterapialasgaunas.es\/\" target=\"_blank\"><strong>Centro de Fisioterapia y Medicina Deportiva Las Gaunas<\/strong><\/a>. No por ganas, m\u00e1s bien porque eso ser\u00edan buenas noticias. \u00bfY <strong>d\u00f3nde me encuentro este martes 2 de enero a las 7.30 de la ma\u00f1ana<\/strong>? Efectivamente. Con Miguel, que est\u00e1<strong> manos a la obra para arreglar mi \u00faltimo desaguisado<\/strong>.<br \/>\nDespu\u00e9s de contaros durante dos a\u00f1os y medio las gracias y desgracias de mi tend\u00f3n de Aquiles izquierdo, tengo <strong>buenas noticias que daros&#8230; y tambi\u00e9n malas<\/strong> \ud83d\ude09<br \/>\nLa buena es que, <strong>por primera vez en muchos a\u00f1os, el pie izquierdo est\u00e1 mejor que el derecho<\/strong>. Las <strong>sesiones de EPI con Miguel y las inyecciones de plasma de Chema<\/strong> han tenido efecto y me siento <strong>mucho mejor y sin dolores<\/strong>. Ya empiezo a ver la luz al final del t\u00fanel.<br \/>\n<strong>La mala<\/strong> es que, para que el izquierdo est\u00e9 mejor que el derecho ha tenido que pasar que el derecho haya colaborado mucho a ello con un<strong> fuerte esguince de tobillo sufrido en la San Silvestre y con el que desped\u00ed 2018<\/strong>.<br \/>\nMi pie derecho se parece en estos momentos al <strong>pie de Frodo Bols\u00f3n tras una incursi\u00f3n en los mundos de Avatar<\/strong>: hinchado, gordo y medio morado. Eso s\u00ed, sin la mata de pelo del hobbit.<br \/>\nY en esta relaci\u00f3n que tenemos Miguel y yo de amor-odio (<strong>yo cada vez lo quiero m\u00e1s y \u00e9l va a acabar odi\u00e1ndome :-))<\/strong>), me ha ense\u00f1ado una <strong>nueva maquinita<\/strong>. Mejor dicho, un maquin\u00f3n. Es<strong> la Vacu<\/strong>, otra interesante adaptaci\u00f3n de herramientas de la NASA a la fisioterapia para ayudar en la recuperaci\u00f3n de lesiones.<br \/>\nY entre sus <strong>manos, sus vendajes y las innovadoras m\u00e1quinas<\/strong>, el tobillo ha cambiado de aspecto para mejor. Adem\u00e1s,\u00a0a\u00a0<strong>este proyecto en el todos suman<\/strong>, menos el aqu\u00ed presente, que resta y resta, se ha a\u00f1adido la ayuda de <strong>Dani Echarri<\/strong>, encargado de los ejercicios de recuperaci\u00f3n y activaci\u00f3n del tobillo.<br \/>\n<strong>As\u00ed da gusto<\/strong>.<\/p>\n<p><a href=\"https:\/\/static-blogs.larioja.com\/wp-content\/uploads\/sites\/61\/2019\/01\/malapata-triptico-1.jpg\"><img loading=\"lazy\" class=\"alignleft size-full wp-image-276\" src=\"https:\/\/static-blogs.larioja.com\/wp-content\/uploads\/sites\/61\/2019\/01\/malapata-triptico-1.jpg\" alt=\"malapata-triptico\" width=\"1200\" height=\"500\" srcset=\"https:\/\/static-blogs.larioja.com\/wp-content\/uploads\/sites\/61\/2019\/01\/malapata-triptico-1.jpg 1200w, https:\/\/static-blogs.larioja.com\/wp-content\/uploads\/sites\/61\/2019\/01\/malapata-triptico-1-300x125.jpg 300w, https:\/\/static-blogs.larioja.com\/wp-content\/uploads\/sites\/61\/2019\/01\/malapata-triptico-1-768x320.jpg 768w, https:\/\/static-blogs.larioja.com\/wp-content\/uploads\/sites\/61\/2019\/01\/malapata-triptico-1-1024x427.jpg 1024w\" sizes=\"(max-width: 1200px) 100vw, 1200px\" \/><\/a><br \/>\nEs verdad que un esguince de tobillo no es la mejor manera de salir de 2018 y comenzar 2019. Tambi\u00e9n es cierto que <strong>el a\u00f1o ya s\u00f3lo puede mejorar, como dir\u00eda mi \u00e1ngel Roberto Molina<\/strong> y <a href=\"http:\/\/www.nutriumpfg.com\/\" target=\"_blank\"><strong>ratificar\u00eda mi otro \u00e1ngel, Paula Fern\u00e1ndez<\/strong><\/a> (por cierto, en el pr\u00f3ximo post toca hablar de las <strong>navidades y sus consecuencias :-((<\/strong>).<br \/>\nAdem\u00e1s, <strong>estando en tan buenas manos, las cosas malas son menos malas<\/strong>. Y las <strong>buenas son mucho mejores<\/strong>.<br \/>\n<strong>Borja<\/strong>, se van complicando las cosas y <strong>la triatl\u00f3n se ve lejana todav\u00eda&#8230;<\/strong> Pero dame tiempo, que <strong>os tengo a los <a href=\"http:\/\/www.triatlontritones.com\/\" target=\"_blank\">Tritones<\/a> constantemente en mi cabeza<\/strong>.<\/p>\n","protected":false},"excerpt":{"rendered":"<p>Entre mis prop\u00f3sitos para este nuevo a\u00f1o estaba el de ver menos a Chema Urraca y Miguel Moreno en el Centro de Fisioterapia y Medicina Deportiva Las Gaunas. No por ganas, m\u00e1s bien porque eso ser\u00edan buenas noticias. \u00bfY d\u00f3nde me encuentro este martes 2 de enero a las 7.30 de la ma\u00f1ana? Efectivamente. Con [&hellip;]<\/p>\n","protected":false},"author":62,"featured_media":277,"comment_status":"open","ping_status":"closed","sticky":false,"template":"","format":"standard","meta":[],"categories":[1],"tags":[],"_links":{"self":[{"href":"https:\/\/blogs.larioja.com\/objetivo-25-kilos\/wp-json\/wp\/v2\/posts\/273"}],"collection":[{"href":"https:\/\/blogs.larioja.com\/objetivo-25-kilos\/wp-json\/wp\/v2\/posts"}],"about":[{"href":"https:\/\/blogs.larioja.com\/objetivo-25-kilos\/wp-json\/wp\/v2\/types\/post"}],"author":[{"embeddable":true,"href":"https:\/\/blogs.larioja.com\/objetivo-25-kilos\/wp-json\/wp\/v2\/users\/62"}],"replies":[{"embeddable":true,"href":"https:\/\/blogs.larioja.com\/objetivo-25-kilos\/wp-json\/wp\/v2\/comments?post=273"}],"version-history":[{"count":1,"href":"https:\/\/blogs.larioja.com\/objetivo-25-kilos\/wp-json\/wp\/v2\/posts\/273\/revisions"}],"predecessor-version":[{"id":278,"href":"https:\/\/blogs.larioja.com\/objetivo-25-kilos\/wp-json\/wp\/v2\/posts\/273\/revisions\/278"}],"wp:featuredmedia":[{"embeddable":true,"href":"https:\/\/blogs.larioja.com\/objetivo-25-kilos\/wp-json\/wp\/v2\/media\/277"}],"wp:attachment":[{"href":"https:\/\/blogs.larioja.com\/objetivo-25-kilos\/wp-json\/wp\/v2\/media?parent=273"}],"wp:term":[{"taxonomy":"category","embeddable":true,"href":"https:\/\/blogs.larioja.com\/objetivo-25-kilos\/wp-json\/wp\/v2\/categories?post=273"},{"taxonomy":"post_tag","embeddable":true,"href":"https:\/\/blogs.larioja.com\/objetivo-25-kilos\/wp-json\/wp\/v2\/tags?post=273"}],"curies":[{"name":"wp","href":"https:\/\/api.w.org\/{rel}","templated":true}]}}