{"id":319,"date":"2021-03-11T22:33:29","date_gmt":"2021-03-11T21:33:29","guid":{"rendered":"https:\/\/blogs.larioja.com\/objetivo-25-kilos\/?p=319"},"modified":"2021-03-11T22:35:31","modified_gmt":"2021-03-11T21:35:31","slug":"el-sexo-importa","status":"publish","type":"post","link":"https:\/\/blogs.larioja.com\/objetivo-25-kilos\/2021\/03\/11\/el-sexo-importa\/","title":{"rendered":"El sexo importa"},"content":{"rendered":"<p><img loading=\"lazy\" class=\"aligncenter size-full wp-image-323\" src=\"https:\/\/static-blogs.larioja.com\/wp-content\/uploads\/sites\/61\/2021\/03\/fernando2.jpg\" alt=\"\" width=\"795\" height=\"539\" srcset=\"https:\/\/static-blogs.larioja.com\/wp-content\/uploads\/sites\/61\/2021\/03\/fernando2.jpg 795w, https:\/\/static-blogs.larioja.com\/wp-content\/uploads\/sites\/61\/2021\/03\/fernando2-300x203.jpg 300w, https:\/\/static-blogs.larioja.com\/wp-content\/uploads\/sites\/61\/2021\/03\/fernando2-768x521.jpg 768w\" sizes=\"(max-width: 795px) 100vw, 795px\" \/><\/p>\n<p><strong>Somos tontos. Mart\u00edn y un servidor. Yo, especialmente<\/strong>.<br \/>\nSomos dos tipos hechos y derechos, o eso se nos supone. Pero, en la primera consulta en <a href=\"https:\/\/www.nutriumpfg.com\/\">Nutrium<\/a>, cuando <strong>Paula Fern\u00e1ndez Gim\u00e9nez nos explicaba los distintos aspectos a trabajar y mejorar<\/strong> seg\u00fan nuestros respectivos estudios de composici\u00f3n corporal, demostramos que estamos m\u00e1s para all\u00e1 que para aqu\u00ed. Metabolismo basal, porcentaje de grasa corporal, porcentaje de agua, nivel de grasa visceral&#8230; <strong>Algunos factores dependen de la altura, la edad, el sexo&#8230; \u00a1Sexo! \u00a1Ha dicho sexo!<\/strong> Silencio y <strong>risitas bajo la mascarilla<\/strong> que pasaron a risas y concluyeron en carcajadas mientras nos echamos la culpa el uno al otro mientras Paula nos miraba con esa cara de pensar &#8216;En fin&#8230;&#8217;. &#8220;Voy a tener que pensar en cambiar sexo por otro t\u00e9rmino&#8221;, nos dijo, mientras nosotros intent\u00e1bamos retomar la seriedad perdida.<br \/>\nPues eso. En fin&#8230; Lo bueno es que ya <strong>vamos a cumplir nuestra primera semana<\/strong>. Estamos <strong>motivados, muy motivados<\/strong>. Pero tambi\u00e9n es verdad que no hay nada m\u00e1s peligroso que un tonto motivado&#8230; As\u00ed que imaginaos si somos dos&#8230;<br \/>\nEn serio. Me reafirmo en lo dicho por Mart\u00edn en el post anterior. <strong>Lo de estar dos en el mismo barco es fortalecedor y enriquecedor<\/strong>. Esta semana nos hemos ido contando c\u00f3mo lo llev\u00e1bamos, nuestros momentos m\u00e1s altos en el ansi\u00f3metro, el deporte que est\u00e1bamos haciendo&#8230; Yo creo que va a ser una <strong>experiencia, adem\u00e1s de saludable, especialmente enriquecedora<\/strong>.<br \/>\nYo, por mi parte, he intentado seguir el camino adecuado en la dieta, siguiendo los consejos de Paula. Adem\u00e1s, <strong>ya he empezado con Fernando Carrasc\u00f3n el trabajo f\u00edsico<\/strong>. Algo <strong>fundamental<\/strong>. Y <strong>si se tiene un gu\u00eda como \u00e9l<\/strong>, que sabe c\u00f3mo debe ser la progresi\u00f3n, mucho mejor. De momento, readaptaci\u00f3n del cuerpo. <strong>Agujetas y cansancio muscular<\/strong>. Lo esperado. Pero estoy muy contento de volver a sentir esas sensaciones sabiendo que es porque estoy haciendo bien las cosas.<br \/>\nCasi se escapa el jueves. <strong>Ma\u00f1ana <a href=\"https:\/\/www.nutriumpfg.com\/\">toca otra vez consulta<\/a>. \u00a1\u00a1\u00a1Qu\u00e9 nervios!!!<\/strong><\/p>\n","protected":false},"excerpt":{"rendered":"<p>Somos tontos. Mart\u00edn y un servidor. Yo, especialmente. Somos dos tipos hechos y derechos, o eso se nos supone. Pero, en la primera consulta en Nutrium, cuando Paula Fern\u00e1ndez Gim\u00e9nez nos explicaba los distintos aspectos a trabajar y mejorar seg\u00fan nuestros respectivos estudios de composici\u00f3n corporal, demostramos que estamos m\u00e1s para all\u00e1 que para aqu\u00ed. [&hellip;]<\/p>\n","protected":false},"author":62,"featured_media":0,"comment_status":"open","ping_status":"closed","sticky":false,"template":"","format":"standard","meta":[],"categories":[1],"tags":[],"_links":{"self":[{"href":"https:\/\/blogs.larioja.com\/objetivo-25-kilos\/wp-json\/wp\/v2\/posts\/319"}],"collection":[{"href":"https:\/\/blogs.larioja.com\/objetivo-25-kilos\/wp-json\/wp\/v2\/posts"}],"about":[{"href":"https:\/\/blogs.larioja.com\/objetivo-25-kilos\/wp-json\/wp\/v2\/types\/post"}],"author":[{"embeddable":true,"href":"https:\/\/blogs.larioja.com\/objetivo-25-kilos\/wp-json\/wp\/v2\/users\/62"}],"replies":[{"embeddable":true,"href":"https:\/\/blogs.larioja.com\/objetivo-25-kilos\/wp-json\/wp\/v2\/comments?post=319"}],"version-history":[{"count":3,"href":"https:\/\/blogs.larioja.com\/objetivo-25-kilos\/wp-json\/wp\/v2\/posts\/319\/revisions"}],"predecessor-version":[{"id":324,"href":"https:\/\/blogs.larioja.com\/objetivo-25-kilos\/wp-json\/wp\/v2\/posts\/319\/revisions\/324"}],"wp:attachment":[{"href":"https:\/\/blogs.larioja.com\/objetivo-25-kilos\/wp-json\/wp\/v2\/media?parent=319"}],"wp:term":[{"taxonomy":"category","embeddable":true,"href":"https:\/\/blogs.larioja.com\/objetivo-25-kilos\/wp-json\/wp\/v2\/categories?post=319"},{"taxonomy":"post_tag","embeddable":true,"href":"https:\/\/blogs.larioja.com\/objetivo-25-kilos\/wp-json\/wp\/v2\/tags?post=319"}],"curies":[{"name":"wp","href":"https:\/\/api.w.org\/{rel}","templated":true}]}}