{"id":326,"date":"2021-03-15T23:24:42","date_gmt":"2021-03-15T22:24:42","guid":{"rendered":"https:\/\/blogs.larioja.com\/objetivo-25-kilos\/?p=326"},"modified":"2021-03-15T23:24:42","modified_gmt":"2021-03-15T22:24:42","slug":"tentaciones-pero-sin-isla","status":"publish","type":"post","link":"https:\/\/blogs.larioja.com\/objetivo-25-kilos\/2021\/03\/15\/tentaciones-pero-sin-isla\/","title":{"rendered":"Tentaciones pero sin isla"},"content":{"rendered":"<p><img loading=\"lazy\" class=\"aligncenter size-full wp-image-327\" src=\"https:\/\/static-blogs.larioja.com\/wp-content\/uploads\/sites\/61\/2021\/03\/tarta1.jpeg\" alt=\"\" width=\"2048\" height=\"1536\" srcset=\"https:\/\/static-blogs.larioja.com\/wp-content\/uploads\/sites\/61\/2021\/03\/tarta1.jpeg 2048w, https:\/\/static-blogs.larioja.com\/wp-content\/uploads\/sites\/61\/2021\/03\/tarta1-300x225.jpeg 300w, https:\/\/static-blogs.larioja.com\/wp-content\/uploads\/sites\/61\/2021\/03\/tarta1-768x576.jpeg 768w, https:\/\/static-blogs.larioja.com\/wp-content\/uploads\/sites\/61\/2021\/03\/tarta1-1024x768.jpeg 1024w\" sizes=\"(max-width: 2048px) 100vw, 2048px\" \/><\/p>\n<p>La <strong>primera semana del objetivo acab\u00f3 con sonrisas<\/strong>. La de Luismi, que <strong>perdi\u00f3 1,2 kilos y dos de grasa<\/strong> (subi\u00f3 800 gramos de agua); la m\u00eda, que <strong>perd\u00ed 3,8 kilos y, al igual que mi compa\u00f1ero, dos de grasa<\/strong>; y la de <a href=\"https:\/\/www.nutriumpfg.com\/\">Paula, que vio que el d\u00fao din\u00e1mico hab\u00eda hecho sus deberes<\/a>. Afrontamos as\u00ed la segunda semana del reto con un deber muy claros: <strong>puntuar cu\u00e1nta hambre y cu\u00e1nta ansiedad tenemos antes de comer<\/strong>, y cu\u00e1nta saciedad (de hambre) y cu\u00e1n satisfecho estamos emocionalmente despu\u00e9s de cada comida y cena.<br \/>\nEs que en esta primera etapa, Luismi y servidor debemos<strong> aprender a gestionar la ansiedad<\/strong>, responsable de comer fuera de horas, y de forma desmedida, adem\u00e1s de llevarnos a la boca \u201cfrutos prohibidos\u201d. Y de tentaciones va el post de hoy. Porque <strong>el segundo fin de semana me ha puesto un reto dur\u00edsimo<\/strong>.<br \/>\nResulta que fue el cumplea\u00f1os de la m\u00e1s peque\u00f1a de mi casa. Doce primaveras que permiten que cada vez se acerque a la mujer que pretende ser y que me empujan, a la misma velocidad, hacia el abismo de la vejez. El tema es que mi casa y las pocas terrazas que visitamos <strong>se llenaron de tartas, pasteles, galletas, golosinas, patatas fritas, hamburguesas, pizzas, vino, cervezas&#8230;<\/strong> Tentaciones que me llevaron al extremo. Pero no hubo isla donde pecar. Porque salvo <strong>una cucharada simb\u00f3lica de una tarta tremenda<\/strong> y alg\u00fan vino que cay\u00f3, servidor le gan\u00f3 el pulso, no sin luchar contra esa ansiedad, a las tentaciones. Como an\u00e9cdota puedo contar que en un momento dado, <strong>cuando esos dulces me pasaban a cent\u00edmetros de los morros, decid\u00ed ir a darme una ducha para bajar el fuego interior<\/strong>. Y como dice mi compa\u00f1ero de fatigas, <strong>\u201cnos mantenemos firmes como pareja\u201d<\/strong>.<br \/>\nAmbos mantenemos la dieta que nos ha recomendado Paula y <strong>seguimos activos con los <a href=\"https:\/\/www.nutriumpfg.com\/\">ejercicios de Fernando Carrasc\u00f3n<\/a><\/strong>, que trabaja de t\u00fa a t\u00fa con Luismi dos veces por semana y me da las pautas para que trabaje durante la semana (combino salidas en bicicleta con trabajo en el gimnasio).<br \/>\nY antes de despedirnos, hay que dar <strong>un agradecimiento: a todos vosotros que en menos de una semana hab\u00e9is colocado a este blog como el m\u00e1s visto en larioja.com<\/strong>.<\/p>\n<p><img loading=\"lazy\" class=\"aligncenter size-full wp-image-328\" src=\"https:\/\/static-blogs.larioja.com\/wp-content\/uploads\/sites\/61\/2021\/03\/tarta2.jpeg\" alt=\"\" width=\"1536\" height=\"2048\" srcset=\"https:\/\/static-blogs.larioja.com\/wp-content\/uploads\/sites\/61\/2021\/03\/tarta2.jpeg 1536w, https:\/\/static-blogs.larioja.com\/wp-content\/uploads\/sites\/61\/2021\/03\/tarta2-225x300.jpeg 225w, https:\/\/static-blogs.larioja.com\/wp-content\/uploads\/sites\/61\/2021\/03\/tarta2-768x1024.jpeg 768w\" sizes=\"(max-width: 1536px) 100vw, 1536px\" \/><\/p>\n","protected":false},"excerpt":{"rendered":"<p>La primera semana del objetivo acab\u00f3 con sonrisas. La de Luismi, que perdi\u00f3 1,2 kilos y dos de grasa (subi\u00f3 800 gramos de agua); la m\u00eda, que perd\u00ed 3,8 kilos y, al igual que mi compa\u00f1ero, dos de grasa; y la de Paula, que vio que el d\u00fao din\u00e1mico hab\u00eda hecho sus deberes. Afrontamos as\u00ed [&hellip;]<\/p>\n","protected":false},"author":62,"featured_media":0,"comment_status":"open","ping_status":"closed","sticky":false,"template":"","format":"standard","meta":[],"categories":[1],"tags":[],"_links":{"self":[{"href":"https:\/\/blogs.larioja.com\/objetivo-25-kilos\/wp-json\/wp\/v2\/posts\/326"}],"collection":[{"href":"https:\/\/blogs.larioja.com\/objetivo-25-kilos\/wp-json\/wp\/v2\/posts"}],"about":[{"href":"https:\/\/blogs.larioja.com\/objetivo-25-kilos\/wp-json\/wp\/v2\/types\/post"}],"author":[{"embeddable":true,"href":"https:\/\/blogs.larioja.com\/objetivo-25-kilos\/wp-json\/wp\/v2\/users\/62"}],"replies":[{"embeddable":true,"href":"https:\/\/blogs.larioja.com\/objetivo-25-kilos\/wp-json\/wp\/v2\/comments?post=326"}],"version-history":[{"count":1,"href":"https:\/\/blogs.larioja.com\/objetivo-25-kilos\/wp-json\/wp\/v2\/posts\/326\/revisions"}],"predecessor-version":[{"id":329,"href":"https:\/\/blogs.larioja.com\/objetivo-25-kilos\/wp-json\/wp\/v2\/posts\/326\/revisions\/329"}],"wp:attachment":[{"href":"https:\/\/blogs.larioja.com\/objetivo-25-kilos\/wp-json\/wp\/v2\/media?parent=326"}],"wp:term":[{"taxonomy":"category","embeddable":true,"href":"https:\/\/blogs.larioja.com\/objetivo-25-kilos\/wp-json\/wp\/v2\/categories?post=326"},{"taxonomy":"post_tag","embeddable":true,"href":"https:\/\/blogs.larioja.com\/objetivo-25-kilos\/wp-json\/wp\/v2\/tags?post=326"}],"curies":[{"name":"wp","href":"https:\/\/api.w.org\/{rel}","templated":true}]}}