{"id":334,"date":"2021-03-29T16:12:51","date_gmt":"2021-03-29T14:12:51","guid":{"rendered":"https:\/\/blogs.larioja.com\/objetivo-25-kilos\/?p=334"},"modified":"2021-03-29T17:19:29","modified_gmt":"2021-03-29T15:19:29","slug":"__trashed","status":"publish","type":"post","link":"https:\/\/blogs.larioja.com\/objetivo-25-kilos\/2021\/03\/29\/__trashed\/","title":{"rendered":"El abraz\u00f3metro y las etiquetas"},"content":{"rendered":"<p><img loading=\"lazy\" class=\"alignnone size-full wp-image-337\" src=\"https:\/\/static-blogs.larioja.com\/wp-content\/uploads\/sites\/61\/2021\/03\/abrazometro1.jpg\" alt=\"\" width=\"423\" height=\"371\" srcset=\"https:\/\/static-blogs.larioja.com\/wp-content\/uploads\/sites\/61\/2021\/03\/abrazometro1.jpg 423w, https:\/\/static-blogs.larioja.com\/wp-content\/uploads\/sites\/61\/2021\/03\/abrazometro1-300x263.jpg 300w\" sizes=\"(max-width: 423px) 100vw, 423px\" \/><\/p>\n<p>Mi hija, como os cont\u00e9 d\u00edas atr\u00e1s, acaba de cumplir 12 a\u00f1os. El tema es que <strong>la peque\u00f1a es mi mejor aliada y, a la vez, la boicoteadora n\u00famero uno<\/strong> de este reino. &#8220;Que t\u00fa te est\u00e9s cuidando no quiere decir que todos tengamos que comer esto&#8221;, me solt\u00f3 la semana pasada despu\u00e9s de que le sirviese unos <strong>macarrones espectaculares con tomates cherries y queso feta<\/strong> al horno. No acab\u00f3 chupando el plato porque sabe que se hubiese marchado con un castigo en v\u00edsperas del fin de semana. Pues bien, la peque\u00f1a de la familia, que en el fondo es un ser sensible y cari\u00f1oso, fue una de las primeras en darse cuenta que adem\u00e1s de bajar de peso, <strong>el volumen de mi cuerpo tampoco es el mismo<\/strong>.<\/p>\n<p>Por l\u00f3gicas razones de la pandemia,<a href=\"https:\/\/www.nutriumpfg.com\/\"> Paula Fern\u00e1ndez Gim\u00e9nez<\/a>\u00a0no nos mide el contorno (pecho, cadera, muslo&#8230;). Sin embargo, ah\u00ed apareci\u00f3 el ingenio de mi hija para inventarse el <strong>&#8216;abraz\u00f3metro&#8217;<\/strong>. &#8220;Cuando empezaste apenas pod\u00eda juntar las manos&#8221;, me dijo. &#8220;Ahora s\u00ed puedo&#8221;, a\u00f1adi\u00f3 mientras me daba un abrazo. Porque <strong>el objetivo de Luismi y servidor contin\u00faa adelante<\/strong>. Y con buena nota. Porque Paula todav\u00eda no ha sacado su l\u00e1tigo y solo le damos buenas noticias. En el \u00faltimo control, Luismi se present\u00f3 con<strong> 2,5 kilos menos, de los que 800 gramos eran p\u00e9rdida de grasa<\/strong>, y yo rest\u00e9 <strong>1,400, todo grasa<\/strong>. Es decir, en tres semanas llevamos acumulados m\u00e1s de <strong>seis kilos y medio cada uno<\/strong>. Por cierto, como ya hemos repetido, es la \u00fanica vez que pisamos una b\u00e1scula en una semana porque el peso no es algo que nos quite el sue\u00f1o. Ambos sabemos que siguiendo las pautas de Paula cada vez nos vamos sintiendo mejor. Y bajamos.<\/p>\n<p><img loading=\"lazy\" class=\"alignnone size-large wp-image-339\" src=\"https:\/\/static-blogs.larioja.com\/wp-content\/uploads\/sites\/61\/2021\/03\/IMG_1254-1024x768.jpeg\" alt=\"\" width=\"1024\" height=\"768\" srcset=\"https:\/\/static-blogs.larioja.com\/wp-content\/uploads\/sites\/61\/2021\/03\/IMG_1254-1024x768.jpeg 1024w, https:\/\/static-blogs.larioja.com\/wp-content\/uploads\/sites\/61\/2021\/03\/IMG_1254-300x225.jpeg 300w, https:\/\/static-blogs.larioja.com\/wp-content\/uploads\/sites\/61\/2021\/03\/IMG_1254-768x576.jpeg 768w, https:\/\/static-blogs.larioja.com\/wp-content\/uploads\/sites\/61\/2021\/03\/IMG_1254.jpeg 2048w\" sizes=\"(max-width: 1024px) 100vw, 1024px\" \/><\/p>\n<p>Para presentarnos con esas cifras y sacarle los viernes una sonrisa a nuestra nutricionista, intentamos seguir sus consejos y pautas, adem\u00e1s del trabajo f\u00edsico que supervisa <a href=\"https:\/\/www.nutriumpfg.com\/\">Fernando Carrasc\u00f3n<\/a>. Mucho sudor y esfuerzo y ni una sola l\u00e1grima.<\/p>\n<p>En la \u00faltima consulta, Paula nos hizo un<strong> taller de yogures<\/strong>. Qu\u00e9 hay que saber antes de darle un bocado a estos postres. Y descubrimos que muchas veces <strong>somos v\u00edctimas del m\u00e1rketing<\/strong>. S\u00ed, es un yogur 0% pero tiene az\u00facar; o es bifidus, una de las bacterias presentes en toooooodos los yogures; o es natural, pero en realidad tiene demasiados aditivos. <strong>El gran secreto est\u00e1, seg\u00fan nos dijo Paula, es saber leer las etiquetas<\/strong>. Y el mejor consejo fue que a la hora de comer un yogur es mejor cogerlo natural (con leche entera o desnatada) y ser nosotros los que le agreguemos az\u00facar, miel, frutos secos, fruta, etc, etc, evitando los que lleven aditivos que terminen, por ejemplo, en <strong>&#8220;truosa&#8221;<\/strong>.<\/p>\n<p><img loading=\"lazy\" class=\"alignnone size-large wp-image-340\" src=\"https:\/\/static-blogs.larioja.com\/wp-content\/uploads\/sites\/61\/2021\/03\/IMG_1272-1024x768.jpeg\" alt=\"\" width=\"1024\" height=\"768\" srcset=\"https:\/\/static-blogs.larioja.com\/wp-content\/uploads\/sites\/61\/2021\/03\/IMG_1272-1024x768.jpeg 1024w, https:\/\/static-blogs.larioja.com\/wp-content\/uploads\/sites\/61\/2021\/03\/IMG_1272-300x225.jpeg 300w, https:\/\/static-blogs.larioja.com\/wp-content\/uploads\/sites\/61\/2021\/03\/IMG_1272-768x576.jpeg 768w, https:\/\/static-blogs.larioja.com\/wp-content\/uploads\/sites\/61\/2021\/03\/IMG_1272.jpeg 2048w\" sizes=\"(max-width: 1024px) 100vw, 1024px\" \/><\/p>\n<p>Nos quedan diez d\u00edas y una semana santa en el medio hasta nuestra nueva reuni\u00f3n. <strong>El d\u00fao din\u00e1mico contin\u00faa con el objetivo viento en popa<\/strong>. Me he sorprendido gratamente de la gran acogida que ha tenido el blog y de la cantidad de seguidores que est\u00e1 sumando. El \u00faltimo del que he sido consciente es el de <strong>mi vecino de huerto (ya os contar\u00e9 la maravilla esa), Tom\u00e1s, que me cont\u00f3 que en la primera aventura de Luismi tambi\u00e9n baj\u00f3 25 kilos<\/strong>. Eso motiva mucho y ahora el reto es al cuadrado&#8230;<\/p>\n","protected":false},"excerpt":{"rendered":"<p>Mi hija, como os cont\u00e9 d\u00edas atr\u00e1s, acaba de cumplir 12 a\u00f1os. El tema es que la peque\u00f1a es mi mejor aliada y, a la vez, la boicoteadora n\u00famero uno de este reino. &#8220;Que t\u00fa te est\u00e9s cuidando no quiere decir que todos tengamos que comer esto&#8221;, me solt\u00f3 la semana pasada despu\u00e9s de que [&hellip;]<\/p>\n","protected":false},"author":16,"featured_media":0,"comment_status":"open","ping_status":"closed","sticky":false,"template":"","format":"standard","meta":[],"categories":[1],"tags":[],"_links":{"self":[{"href":"https:\/\/blogs.larioja.com\/objetivo-25-kilos\/wp-json\/wp\/v2\/posts\/334"}],"collection":[{"href":"https:\/\/blogs.larioja.com\/objetivo-25-kilos\/wp-json\/wp\/v2\/posts"}],"about":[{"href":"https:\/\/blogs.larioja.com\/objetivo-25-kilos\/wp-json\/wp\/v2\/types\/post"}],"author":[{"embeddable":true,"href":"https:\/\/blogs.larioja.com\/objetivo-25-kilos\/wp-json\/wp\/v2\/users\/16"}],"replies":[{"embeddable":true,"href":"https:\/\/blogs.larioja.com\/objetivo-25-kilos\/wp-json\/wp\/v2\/comments?post=334"}],"version-history":[{"count":4,"href":"https:\/\/blogs.larioja.com\/objetivo-25-kilos\/wp-json\/wp\/v2\/posts\/334\/revisions"}],"predecessor-version":[{"id":351,"href":"https:\/\/blogs.larioja.com\/objetivo-25-kilos\/wp-json\/wp\/v2\/posts\/334\/revisions\/351"}],"wp:attachment":[{"href":"https:\/\/blogs.larioja.com\/objetivo-25-kilos\/wp-json\/wp\/v2\/media?parent=334"}],"wp:term":[{"taxonomy":"category","embeddable":true,"href":"https:\/\/blogs.larioja.com\/objetivo-25-kilos\/wp-json\/wp\/v2\/categories?post=334"},{"taxonomy":"post_tag","embeddable":true,"href":"https:\/\/blogs.larioja.com\/objetivo-25-kilos\/wp-json\/wp\/v2\/tags?post=334"}],"curies":[{"name":"wp","href":"https:\/\/api.w.org\/{rel}","templated":true}]}}