{"id":353,"date":"2021-04-05T22:33:25","date_gmt":"2021-04-05T20:33:25","guid":{"rendered":"https:\/\/blogs.larioja.com\/objetivo-25-kilos\/?p=353"},"modified":"2021-04-05T23:24:26","modified_gmt":"2021-04-05T21:24:26","slug":"spasibo-tovarishch","status":"publish","type":"post","link":"https:\/\/blogs.larioja.com\/objetivo-25-kilos\/2021\/04\/05\/spasibo-tovarishch\/","title":{"rendered":"Spasibo, tovarishch"},"content":{"rendered":"<p><img loading=\"lazy\" class=\"aligncenter size-full wp-image-354\" src=\"https:\/\/static-blogs.larioja.com\/wp-content\/uploads\/sites\/61\/2021\/04\/martin1.jpg\" alt=\"\" width=\"1374\" height=\"641\" srcset=\"https:\/\/static-blogs.larioja.com\/wp-content\/uploads\/sites\/61\/2021\/04\/martin1.jpg 1374w, https:\/\/static-blogs.larioja.com\/wp-content\/uploads\/sites\/61\/2021\/04\/martin1-300x140.jpg 300w, https:\/\/static-blogs.larioja.com\/wp-content\/uploads\/sites\/61\/2021\/04\/martin1-768x358.jpg 768w, https:\/\/static-blogs.larioja.com\/wp-content\/uploads\/sites\/61\/2021\/04\/martin1-1024x478.jpg 1024w\" sizes=\"(max-width: 1374px) 100vw, 1374px\" \/><\/p>\n<p>Me dio buen rollo desde que apareci\u00f3 por la redacci\u00f3n hace ya m\u00e1s de dos d\u00e9cadas con aquel traje que, de seguir vivo, estar\u00eda en el ba\u00fal con la etiqueta de &#8216;Cualquier tiempo pasado fue mejor&#8217;. Tan rubito y arregladito para ser periodista que pens\u00e9 que era un nuevo directivo de la casa. <strong>\u00a1Uff, c\u00f3mo pasa el tiempo!<\/strong><br \/>\nSiempre me cay\u00f3 bien. M\u00e1s desde hace unos meses, cuando nos convertimos en compa\u00f1eros en la secci\u00f3n de Deportes. <strong>Mi aprecio por \u00e9l se ha ido haciendo m\u00e1s grande con el paso del tiempo, como nuestros cuerpos<\/strong>. Desde hace ya un mes todav\u00eda le estimo m\u00e1s, despu\u00e9s de que dijera &#8216;s\u00ed&#8217; a la embarcada que le propon\u00eda. <strong>Ahora es mi camarada, mi compa\u00f1ero de fatigas<\/strong>.<br \/>\nCuando quedamos para subir juntos a <a href=\"https:\/\/www.nutriumpfg.es\/\"><strong>Nutrium<\/strong> <\/a>a la consulta de <strong>Paula Fern\u00e1ndez Gim\u00e9nez<\/strong> o a hacer alguna sesi\u00f3n de entrenamiento con <a href=\"https:\/\/www.nutriumpfg.es\/entrenador-personal-logrono\/\"><strong>Fernando Carrasc\u00f3n<\/strong><\/a> siempre me pregunta: &#8220;\u00bfDe qu\u00e9 te r\u00edes?&#8221;. Y es que verle me da buen &#8216;feeling&#8217; porque suponen buenas noticias para m\u00ed. Con el coronavirus rondando, el teletrabajo no nos permite coincidir en la redacci\u00f3n, as\u00ed que <strong>nos vemos en los momentos de avance de nuestro objetivo<\/strong> de alimentaci\u00f3n y deporte saludables. <strong>No es que me r\u00eda, es que sonr\u00edo<\/strong>.<br \/>\nCuando inici\u00e9 ya hace unos a\u00f1itos el blog #Objetivo25kilos<strong> le contaba como uno de mis boicoteadores principales. Ahora es mi principal aliado<\/strong>, junto a Paula y a Fernando. Su participaci\u00f3n me ha servido de est\u00edmulo para dar un paso al frente. Hablamos de c\u00f3mo nos van las cosas, de lo que nos van marcando Paula y Fernando, de nuestras dudas, de los esfuerzos y de las debilidades, de nuestros logros, de recetas&#8230;<br \/>\nAs\u00ed que, <strong>por todo lo que hemos conseguido y por todo lo que vamos a conseguir, \u00a1gracias, camarada! \u00a1Spasibo, tovarishch!<\/strong><br \/>\nPD: La verdad es que, en estos tiempos tan dif\u00edciles para todos, es gratificante y reconfortante tener<strong> este blog en positivo<\/strong> en el que poder contar este recorrido que est\u00e1 siendo tan apasionante. Y es un placer y una satisfacci\u00f3n contar con un escenario como <a href=\"https:\/\/www.larioja.com\/\"><strong>larioja.com<\/strong><\/a> donde mostrarlo. Y, sobre todo, es <strong>especialmente estimulante vuestra acogida<\/strong>, queridos lectores, y el &#8216;feedback&#8217; que recibimos de apoyo que,<strong> sin duda, es esencial para seguir adelante<\/strong>.<\/p>\n","protected":false},"excerpt":{"rendered":"<p>Me dio buen rollo desde que apareci\u00f3 por la redacci\u00f3n hace ya m\u00e1s de dos d\u00e9cadas con aquel traje que, de seguir vivo, estar\u00eda en el ba\u00fal con la etiqueta de &#8216;Cualquier tiempo pasado fue mejor&#8217;. Tan rubito y arregladito para ser periodista que pens\u00e9 que era un nuevo directivo de la casa. \u00a1Uff, c\u00f3mo [&hellip;]<\/p>\n","protected":false},"author":62,"featured_media":0,"comment_status":"open","ping_status":"closed","sticky":false,"template":"","format":"standard","meta":[],"categories":[1],"tags":[],"_links":{"self":[{"href":"https:\/\/blogs.larioja.com\/objetivo-25-kilos\/wp-json\/wp\/v2\/posts\/353"}],"collection":[{"href":"https:\/\/blogs.larioja.com\/objetivo-25-kilos\/wp-json\/wp\/v2\/posts"}],"about":[{"href":"https:\/\/blogs.larioja.com\/objetivo-25-kilos\/wp-json\/wp\/v2\/types\/post"}],"author":[{"embeddable":true,"href":"https:\/\/blogs.larioja.com\/objetivo-25-kilos\/wp-json\/wp\/v2\/users\/62"}],"replies":[{"embeddable":true,"href":"https:\/\/blogs.larioja.com\/objetivo-25-kilos\/wp-json\/wp\/v2\/comments?post=353"}],"version-history":[{"count":3,"href":"https:\/\/blogs.larioja.com\/objetivo-25-kilos\/wp-json\/wp\/v2\/posts\/353\/revisions"}],"predecessor-version":[{"id":357,"href":"https:\/\/blogs.larioja.com\/objetivo-25-kilos\/wp-json\/wp\/v2\/posts\/353\/revisions\/357"}],"wp:attachment":[{"href":"https:\/\/blogs.larioja.com\/objetivo-25-kilos\/wp-json\/wp\/v2\/media?parent=353"}],"wp:term":[{"taxonomy":"category","embeddable":true,"href":"https:\/\/blogs.larioja.com\/objetivo-25-kilos\/wp-json\/wp\/v2\/categories?post=353"},{"taxonomy":"post_tag","embeddable":true,"href":"https:\/\/blogs.larioja.com\/objetivo-25-kilos\/wp-json\/wp\/v2\/tags?post=353"}],"curies":[{"name":"wp","href":"https:\/\/api.w.org\/{rel}","templated":true}]}}