{"id":358,"date":"2021-04-13T12:39:02","date_gmt":"2021-04-13T10:39:02","guid":{"rendered":"https:\/\/blogs.larioja.com\/objetivo-25-kilos\/?p=358"},"modified":"2021-04-13T12:39:02","modified_gmt":"2021-04-13T10:39:02","slug":"el-primer-mes-de-los-motivados","status":"publish","type":"post","link":"https:\/\/blogs.larioja.com\/objetivo-25-kilos\/2021\/04\/13\/el-primer-mes-de-los-motivados\/","title":{"rendered":"El primer mes de los motivados"},"content":{"rendered":"<p><img loading=\"lazy\" class=\"alignnone size-large wp-image-359\" src=\"https:\/\/static-blogs.larioja.com\/wp-content\/uploads\/sites\/61\/2021\/04\/WhatsApp-Image-2021-04-10-at-15.18.23-5-1024x768.jpeg\" alt=\"\" width=\"1024\" height=\"768\" srcset=\"https:\/\/static-blogs.larioja.com\/wp-content\/uploads\/sites\/61\/2021\/04\/WhatsApp-Image-2021-04-10-at-15.18.23-5-1024x768.jpeg 1024w, https:\/\/static-blogs.larioja.com\/wp-content\/uploads\/sites\/61\/2021\/04\/WhatsApp-Image-2021-04-10-at-15.18.23-5-300x225.jpeg 300w, https:\/\/static-blogs.larioja.com\/wp-content\/uploads\/sites\/61\/2021\/04\/WhatsApp-Image-2021-04-10-at-15.18.23-5-768x576.jpeg 768w, https:\/\/static-blogs.larioja.com\/wp-content\/uploads\/sites\/61\/2021\/04\/WhatsApp-Image-2021-04-10-at-15.18.23-5.jpeg 2000w\" sizes=\"(max-width: 1024px) 100vw, 1024px\" \/><\/p>\n<p><strong>Los motivados<\/strong>. As\u00ed han empezado llamarnos algunos alumnos (estamos todos aprendiendo acerca de conductas alimentarias) de <a href=\"https:\/\/www.nutriumpfg.com\/\">Paula Fern\u00e1ndez Gim\u00e9nez<\/a>. Y no les falta raz\u00f3n. Luismi y servidor hemos cumplido nuestro primer mes a las \u00f3rdenes de la &#8216;jefa&#8217; y <strong>los resultados de la reordenaci\u00f3n de nuestras pautas y el ejercicio bajo la tutela de Fernando Carrasc\u00f3n empiezan a verse reflejados<\/strong>. No solo en la b\u00e1scula, que tanto mi fiel compa\u00f1ero como yo estamos aprendiendo a desinteresarnos de los kilos que vamos bajando, sino de las sensaciones. En mi caso, en la bicicleta. Soy un globero, lo reconozco, pero creo que nunca me he sentido tan bien al salir a rodar como en las \u00faltimas semanas. Adem\u00e1s, he tenido que cambiar de cintur\u00f3n porque me hab\u00eda quedado sin agujeros y mi hija puede apretujarme m\u00e1s con el <strong>&#8216;abraz\u00f3metro&#8217;<\/strong>, otra de las modas que hemos impuesto entre el alumnado de Nutrium, al margen del <strong>&#8216;Ansi\u00f3metro&#8217;<\/strong>.<\/p>\n<p>El tema es que hemos cumplido el primer mes desde que decidimos cambiar por una vida m\u00e1s saludable y<strong> los resultados han gustado a nuestra profe<\/strong>. No voy a aburrir al personal con cifras y datos, pero m\u00e1s o menos, entre el colega Luismi y yo hemos perdido m\u00e1s de una docena de kilos de grasa (entre los dos, que para eso somos un t\u00e1ndem) y seg\u00fan nos calcul\u00f3 Paula, esto supone entre 1.500 y 1.600 kilocalor\u00edas por d\u00eda. Brutal. En concreto, en este primer mes, en los que he hecho casi 600 kil\u00f3metros en bici, varias horas de gimnasio y una alimentaci\u00f3n controlada, he <strong>perdido ocho kilos de peso<\/strong>, siete de los cuales perteneces a la grasa. <strong>Y Luismi m\u00e1s o menos se maneja por las mismas cifras<\/strong>, aunque no ha podido realizar tantos ejercicios por una peque\u00f1a lesi\u00f3n en el isquio que ya parece olvidada. Ayyyy, esos cuerpos oxidados&#8230;<\/p>\n<p>Para esta semana, por primera vez desde que comenzamos a trabajar juntos, Paula nos ha puesto <strong>un men\u00fa para intentar seguirlo al pie de la letra<\/strong>. Quiere que le digamos, el pr\u00f3ximo viernes, qu\u00e9 es lo que pretend\u00eda conseguir con estas comidas. Ahhh, y sacarle fotos a las comidas. Deber\u00edais ver al d\u00fao de motivados mand\u00e1ndose las fotos a la hora de la comida y de la cena. Esta semana tambi\u00e9n <strong>iremos a una sociedad gastron\u00f3mica, a la de Luismi, quien nos preparar\u00e1 un men\u00fa para seguir cuid\u00e1ndonos<\/strong>. Eso lo quiero ver y luego contar.<\/p>\n<p>Para terminar, os voy a dejar un peque\u00f1o v\u00eddeo de poco m\u00e1s de un minuto con el resumen de este mes que acaba de cumplirse. C\u00f3mo empezamos (parec\u00edamos corderos, m\u00e1s bien ovejos, por el peso, a punto de ser degollados, los ejercicios, las tentaciones, los paisajes, los men\u00fas&#8230; <strong>Todo en este peque\u00f1o montaje que hemos denominado &#8216;Un mes en un bocado&#8217;<\/strong>.<\/p>\n<div style=\"display: block; position: relative;\">\n<div style=\"padding-top: 56.25%;\"><iframe style=\"width: 100%; height: 100%; position: absolute; top: 0px; bottom: 0px; right: 0px; left: 0px;\" src=\"\/\/players.brightcove.net\/86746484001\/rJ0nzIuK_default\/index.html?videoId=6248798500001\" allowfullscreen=\"allowfullscreen\"><br \/>\n<\/iframe><\/div>\n<\/div>\n<div style=\"display: none;\"><a href=\"https:\/\/www.larioja.com\/sociedad\/salud\/bocado-6248798500001-20210413093600-vi.html\">Un mes en un bocado<\/a><br \/>\nen<br \/>\n<a title=\"Videos\" href=\"http:\/\/www.larioja.com\/\/video\">Videos<\/a><\/div>\n","protected":false},"excerpt":{"rendered":"<p>Los motivados. As\u00ed han empezado llamarnos algunos alumnos (estamos todos aprendiendo acerca de conductas alimentarias) de Paula Fern\u00e1ndez Gim\u00e9nez. Y no les falta raz\u00f3n. Luismi y servidor hemos cumplido nuestro primer mes a las \u00f3rdenes de la &#8216;jefa&#8217; y los resultados de la reordenaci\u00f3n de nuestras pautas y el ejercicio bajo la tutela de Fernando [&hellip;]<\/p>\n","protected":false},"author":16,"featured_media":0,"comment_status":"open","ping_status":"closed","sticky":false,"template":"","format":"standard","meta":[],"categories":[1],"tags":[],"_links":{"self":[{"href":"https:\/\/blogs.larioja.com\/objetivo-25-kilos\/wp-json\/wp\/v2\/posts\/358"}],"collection":[{"href":"https:\/\/blogs.larioja.com\/objetivo-25-kilos\/wp-json\/wp\/v2\/posts"}],"about":[{"href":"https:\/\/blogs.larioja.com\/objetivo-25-kilos\/wp-json\/wp\/v2\/types\/post"}],"author":[{"embeddable":true,"href":"https:\/\/blogs.larioja.com\/objetivo-25-kilos\/wp-json\/wp\/v2\/users\/16"}],"replies":[{"embeddable":true,"href":"https:\/\/blogs.larioja.com\/objetivo-25-kilos\/wp-json\/wp\/v2\/comments?post=358"}],"version-history":[{"count":4,"href":"https:\/\/blogs.larioja.com\/objetivo-25-kilos\/wp-json\/wp\/v2\/posts\/358\/revisions"}],"predecessor-version":[{"id":363,"href":"https:\/\/blogs.larioja.com\/objetivo-25-kilos\/wp-json\/wp\/v2\/posts\/358\/revisions\/363"}],"wp:attachment":[{"href":"https:\/\/blogs.larioja.com\/objetivo-25-kilos\/wp-json\/wp\/v2\/media?parent=358"}],"wp:term":[{"taxonomy":"category","embeddable":true,"href":"https:\/\/blogs.larioja.com\/objetivo-25-kilos\/wp-json\/wp\/v2\/categories?post=358"},{"taxonomy":"post_tag","embeddable":true,"href":"https:\/\/blogs.larioja.com\/objetivo-25-kilos\/wp-json\/wp\/v2\/tags?post=358"}],"curies":[{"name":"wp","href":"https:\/\/api.w.org\/{rel}","templated":true}]}}