{"id":373,"date":"2021-04-29T21:36:58","date_gmt":"2021-04-29T19:36:58","guid":{"rendered":"https:\/\/blogs.larioja.com\/objetivo-25-kilos\/?p=373"},"modified":"2021-04-29T21:36:59","modified_gmt":"2021-04-29T19:36:59","slug":"trata-de-arrancarlo-fernando","status":"publish","type":"post","link":"https:\/\/blogs.larioja.com\/objetivo-25-kilos\/2021\/04\/29\/trata-de-arrancarlo-fernando\/","title":{"rendered":"\u00a1Trata de arrancarlo, Fernando!"},"content":{"rendered":"<p>Somos animales de costumbres. Y el Objetivo 25+ no escapa a esta ley. De hecho, la idea del reto en el que estamos inmersos los &#8216;motivados&#8217; es adquirir costumbres alimenticias saludables. Y en ello estamos. El tema es que <strong>nuestra bendita <a href=\"https:\/\/www.nutriumpfg.com\/\">Paula<\/a> intenta, cada dos por tres, sacudirnos esa rutina<\/strong> y hacer de este camino algo ameno y alejado de algo estructurado. Y la \u00faltima de sus artima\u00f1as fue <strong>una encerrona<\/strong>.<\/p>\n<p>Me explico. Como bestias de costumbres que somos, los viernes acudimos Luismi y servidor con puntualidad brit\u00e1nica (a las 9.00) a una de las sesiones que tenemos con el preparador f\u00edsico <a href=\"https:\/\/www.instagram.com\/fcarrascon_ep\/\">Fernando Carrasc\u00f3n<\/a>, que poco a poco va viendo los progresos de sus charlatanes alumnos. Despu\u00e9s de unos 50 minutos, <strong>continuamos cada uno con trabajos en el gimnasio (el\u00edptica, spinning, etc) para llegar,\u00a0a las 11.30, secos al control de Paula<\/strong>. Como los boxeadores. Resulta que el viernes,<strong> el coche de Fernando le jug\u00f3 una mala pasada<\/strong> y cuando entramos a Nutrium, ante el retraso de nuestro entrenador, Paula nos llam\u00f3 al orden: a la b\u00e1scula. No tocaba y entramos a su despacho a rega\u00f1adientes. Maldito coche de Fernando&#8230; El resultado fue que <strong>ninguno de los dos se hab\u00eda quitado kilos<\/strong>, aunque en mi caso hab\u00eda perdido 500 gramos de grasa y hab\u00eda aumentado los l\u00edquidos. Luismi acus\u00f3 mismo peso que la semana anterior, tambi\u00e9n aunque hab\u00eda ganado un kilo y medio de m\u00fasculo.<\/p>\n<p>Paula nos llev\u00f3 a la calma y la conversaci\u00f3n deriv\u00f3 en los falsos mitos con respecto a la alimentaci\u00f3n, como los productos que retienen l\u00edquidos. Para esta semana nos dio una dieta vegana, bastante maja por cierto, ya que el mi\u00e9rcoles ten\u00edamos (tuvimos) una <strong>comida en la sociedad gastron\u00f3mica de Luismi en la que pecamos. No mucho, pero ca\u00edmos en tentaciones<\/strong>, que las hab\u00eda muchas. Pero sin pasarnos demasiado, eso s\u00ed. Luismi es un cocinillas y es dif\u00edcil escapar de sus delicias culinarias.<\/p>\n<p><img loading=\"lazy\" class=\"alignnone size-large wp-image-376\" src=\"https:\/\/static-blogs.larioja.com\/wp-content\/uploads\/sites\/61\/2021\/04\/IMG_1636-1024x768.jpg\" alt=\"\" width=\"1024\" height=\"768\" srcset=\"https:\/\/static-blogs.larioja.com\/wp-content\/uploads\/sites\/61\/2021\/04\/IMG_1636-1024x768.jpg 1024w, https:\/\/static-blogs.larioja.com\/wp-content\/uploads\/sites\/61\/2021\/04\/IMG_1636-300x225.jpg 300w, https:\/\/static-blogs.larioja.com\/wp-content\/uploads\/sites\/61\/2021\/04\/IMG_1636-768x576.jpg 768w, https:\/\/static-blogs.larioja.com\/wp-content\/uploads\/sites\/61\/2021\/04\/IMG_1636.jpg 2016w\" sizes=\"(max-width: 1024px) 100vw, 1024px\" \/><\/p>\n<p>La verdad es que despu\u00e9s de un mes y medio, tanto mi compa\u00f1ero como yo nos sentimos muy bien. <strong>Estamos centrados, disfrutando de este camino y de sus resultados<\/strong>. Porque ya se empiezan a notar. Nos lo dijeron mis amigos Camelia y Carlos, a quienes encontramos\u00a0al salir de la sesi\u00f3n f\u00edsica el mi\u00e9rcoles pasado. &#8220;Con todo el ejercicio que hac\u00edas antes, no sab\u00eda por qu\u00e9 no perd\u00edas peso&#8221;, se sincer\u00f3 Camelia. &#8220;Ahora s\u00ed se ve&#8221;. Ma\u00f1ana ser\u00e1 la b\u00e1scula la que dicte sentencia. <strong>E intentaremos evitar la encerrona a la que fuimos &#8220;sometidos&#8221; la semana pasada<\/strong>. De eso depender\u00e1 el coche de Fernando. <strong>\u00a1Trata de arrancarlo, Fernando!<\/strong><\/p>\n","protected":false},"excerpt":{"rendered":"<p>Somos animales de costumbres. Y el Objetivo 25+ no escapa a esta ley. De hecho, la idea del reto en el que estamos inmersos los &#8216;motivados&#8217; es adquirir costumbres alimenticias saludables. Y en ello estamos. El tema es que nuestra bendita Paula intenta, cada dos por tres, sacudirnos esa rutina y hacer de este camino [&hellip;]<\/p>\n","protected":false},"author":16,"featured_media":0,"comment_status":"open","ping_status":"closed","sticky":false,"template":"","format":"standard","meta":[],"categories":[1],"tags":[],"_links":{"self":[{"href":"https:\/\/blogs.larioja.com\/objetivo-25-kilos\/wp-json\/wp\/v2\/posts\/373"}],"collection":[{"href":"https:\/\/blogs.larioja.com\/objetivo-25-kilos\/wp-json\/wp\/v2\/posts"}],"about":[{"href":"https:\/\/blogs.larioja.com\/objetivo-25-kilos\/wp-json\/wp\/v2\/types\/post"}],"author":[{"embeddable":true,"href":"https:\/\/blogs.larioja.com\/objetivo-25-kilos\/wp-json\/wp\/v2\/users\/16"}],"replies":[{"embeddable":true,"href":"https:\/\/blogs.larioja.com\/objetivo-25-kilos\/wp-json\/wp\/v2\/comments?post=373"}],"version-history":[{"count":2,"href":"https:\/\/blogs.larioja.com\/objetivo-25-kilos\/wp-json\/wp\/v2\/posts\/373\/revisions"}],"predecessor-version":[{"id":377,"href":"https:\/\/blogs.larioja.com\/objetivo-25-kilos\/wp-json\/wp\/v2\/posts\/373\/revisions\/377"}],"wp:attachment":[{"href":"https:\/\/blogs.larioja.com\/objetivo-25-kilos\/wp-json\/wp\/v2\/media?parent=373"}],"wp:term":[{"taxonomy":"category","embeddable":true,"href":"https:\/\/blogs.larioja.com\/objetivo-25-kilos\/wp-json\/wp\/v2\/categories?post=373"},{"taxonomy":"post_tag","embeddable":true,"href":"https:\/\/blogs.larioja.com\/objetivo-25-kilos\/wp-json\/wp\/v2\/tags?post=373"}],"curies":[{"name":"wp","href":"https:\/\/api.w.org\/{rel}","templated":true}]}}