{"id":393,"date":"2021-05-27T23:25:17","date_gmt":"2021-05-27T21:25:17","guid":{"rendered":"https:\/\/blogs.larioja.com\/objetivo-25-kilos\/?p=393"},"modified":"2021-05-27T23:38:10","modified_gmt":"2021-05-27T21:38:10","slug":"el-pecho-palomo-y-el-lidio-valentin","status":"publish","type":"post","link":"https:\/\/blogs.larioja.com\/objetivo-25-kilos\/2021\/05\/27\/el-pecho-palomo-y-el-lidio-valentin\/","title":{"rendered":"El &#8216;Pecho palomo&#8217; y el &#8216;Lidio Valent\u00edn&#8217;"},"content":{"rendered":"<div style=\"max-width: 580px;\"><\/div>\n<p><img loading=\"lazy\" class=\"alignnone size-large wp-image-395\" src=\"https:\/\/static-blogs.larioja.com\/wp-content\/uploads\/sites\/61\/2021\/05\/IMG_1946-1024x769.jpeg\" alt=\"\" width=\"1024\" height=\"769\" srcset=\"https:\/\/static-blogs.larioja.com\/wp-content\/uploads\/sites\/61\/2021\/05\/IMG_1946-1024x769.jpeg 1024w, https:\/\/static-blogs.larioja.com\/wp-content\/uploads\/sites\/61\/2021\/05\/IMG_1946-300x225.jpeg 300w, https:\/\/static-blogs.larioja.com\/wp-content\/uploads\/sites\/61\/2021\/05\/IMG_1946-768x577.jpeg 768w, https:\/\/static-blogs.larioja.com\/wp-content\/uploads\/sites\/61\/2021\/05\/IMG_1946.jpeg 2046w\" sizes=\"(max-width: 1024px) 100vw, 1024px\" \/><\/p>\n<p>Hoy toca hablar del <strong>trabajo f\u00edsico que Luismi y servidor hacemos a lo largo de la semana<\/strong>, adem\u00e1s de seguir las pautas de buena alimentaci\u00f3n que nos ofrece <a href=\"https:\/\/www.nutriumpfg.es\/\">Paula Fern\u00e1ndez Gim\u00e9nez<\/a>\u00a0a este d\u00fao de motivados. <strong>Una cosa debe estar ligada a la otra, s\u00ed o s\u00ed<\/strong>. Por lo menos as\u00ed lo veo yo. Y desde el inicio, el entrenador personal especializado en Salud y Rendimiento<strong>,\u00a0<a href=\"https:\/\/www.instagram.com\/fcarrascon_ep\/\">Fernando Carrasc\u00f3n<\/a>, se hizo cargo de nosotros en el gimnasio de Nutrium<\/strong>. Dos veces por semana, unos 50 minutos m\u00e1s o menos, y salimos secos. No le fue f\u00e1cil al bueno de Fernando, pero alguna sonrisa le conseguimos sacar.<\/p>\n<p>Fernando es joven (podr\u00eda ser nuestro hijo) y <strong>tiene el gran don de la paciencia<\/strong>. Porque ninguno de los dos somos carne de ca\u00f1\u00f3n de un gimnasio. Todo lo contrario. No conocemos la terminolog\u00eda de los ejercicios y cuando nos colocamos frente al espejo para realizar algo <strong>parecemos patos mareados, muy lejos de esos fortachones musculados<\/strong> que uno puede ver en cualquier sala de gimnasio. Y con mucho talento, <strong>Fernando nos ha sabido llevar poco a poco<\/strong>, incrementando cargas, d\u00e1ndonos ca\u00f1a de forma tan gradual que casi no hemos notado lo mucho que hemos mejorado.<\/p>\n<p>Y las sesiones, adem\u00e1s de ser un<strong> punto de reuni\u00f3n de trabajo<\/strong> (el Covid nos ha privado\u00a0de poder ir juntos al peri\u00f3dico), es un momento en el que<strong> nos echamos muchas risas<\/strong> mientras trabajamos. De hecho, de los mismos creadores del &#8216;Ansi\u00f3metro&#8217; o el &#8216;Abraz\u00f3metro&#8217;, hemos rebautizado entre los tres algunos de los ejercicios. Tenemos, entre otros, el<strong> &#8216;Pecho Palomo&#8217;<\/strong> o el <strong>&#8216;Lidio Valent\u00edn&#8217;<\/strong>. Estos trabajos los complementamos con la bicicleta, en mi caso, o con las largas caminatas que se pega el bueno de Luismi, adem\u00e1s de ejercicios cardio que ambos realizamos por separado.<\/p>\n<p>Los resultados ya se empiezan a notar. Con el cambio de estaci\u00f3n <strong>ambos hemos ido a buscar ropa en nuestros armarios que hab\u00edamos aparcado<\/strong> en otra \u00e9poca porque ya no entr\u00e1bamos en ella. Es gratificante, un premio a nuestra conducta. Sabemos que el camino el largo y que no se puede bajar la guardia nunca, pero son cosas que reconfortan.<\/p>\n<p>Antes de apagar el ordenador, y para que os hag\u00e1is una idea, os dejo una <strong>sesi\u00f3n con Fernando en c\u00e1mara r\u00e1pida. En concreto, 47 minutos en 47 segundos<\/strong>. Por cierto, nos han chivado que nuestro joven mosquetero \u00c1lex comenzar\u00e1 a trabajar tambi\u00e9n con Fernando. Esperamos ansiosos nuevos nombres para los ejercicios.<\/p>\n<div style=\"position: relative; display: block; max-width: 300px;\">\n<div style=\"padding-top: 56.25%;\"><iframe src=\"https:\/\/players.brightcove.net\/86746484001\/gc8wMQ1NH_default\/index.html?videoId=6256324136001\" allowfullscreen=\"\" allow=\"encrypted-media\" style=\"position: absolute; top: 0px; right: 0px; bottom: 0px; left: 0px; width: 100%; height: 100%;\"><\/iframe><\/div>\n<\/div>\n","protected":false},"excerpt":{"rendered":"<p>Hoy toca hablar del trabajo f\u00edsico que Luismi y servidor hacemos a lo largo de la semana, adem\u00e1s de seguir las pautas de buena alimentaci\u00f3n que nos ofrece Paula Fern\u00e1ndez Gim\u00e9nez\u00a0a este d\u00fao de motivados. Una cosa debe estar ligada a la otra, s\u00ed o s\u00ed. Por lo menos as\u00ed lo veo yo. Y desde [&hellip;]<\/p>\n","protected":false},"author":16,"featured_media":395,"comment_status":"open","ping_status":"closed","sticky":false,"template":"","format":"standard","meta":[],"categories":[1],"tags":[],"_links":{"self":[{"href":"https:\/\/blogs.larioja.com\/objetivo-25-kilos\/wp-json\/wp\/v2\/posts\/393"}],"collection":[{"href":"https:\/\/blogs.larioja.com\/objetivo-25-kilos\/wp-json\/wp\/v2\/posts"}],"about":[{"href":"https:\/\/blogs.larioja.com\/objetivo-25-kilos\/wp-json\/wp\/v2\/types\/post"}],"author":[{"embeddable":true,"href":"https:\/\/blogs.larioja.com\/objetivo-25-kilos\/wp-json\/wp\/v2\/users\/16"}],"replies":[{"embeddable":true,"href":"https:\/\/blogs.larioja.com\/objetivo-25-kilos\/wp-json\/wp\/v2\/comments?post=393"}],"version-history":[{"count":10,"href":"https:\/\/blogs.larioja.com\/objetivo-25-kilos\/wp-json\/wp\/v2\/posts\/393\/revisions"}],"predecessor-version":[{"id":404,"href":"https:\/\/blogs.larioja.com\/objetivo-25-kilos\/wp-json\/wp\/v2\/posts\/393\/revisions\/404"}],"wp:featuredmedia":[{"embeddable":true,"href":"https:\/\/blogs.larioja.com\/objetivo-25-kilos\/wp-json\/wp\/v2\/media\/395"}],"wp:attachment":[{"href":"https:\/\/blogs.larioja.com\/objetivo-25-kilos\/wp-json\/wp\/v2\/media?parent=393"}],"wp:term":[{"taxonomy":"category","embeddable":true,"href":"https:\/\/blogs.larioja.com\/objetivo-25-kilos\/wp-json\/wp\/v2\/categories?post=393"},{"taxonomy":"post_tag","embeddable":true,"href":"https:\/\/blogs.larioja.com\/objetivo-25-kilos\/wp-json\/wp\/v2\/tags?post=393"}],"curies":[{"name":"wp","href":"https:\/\/api.w.org\/{rel}","templated":true}]}}