{"id":487,"date":"2022-04-28T13:17:16","date_gmt":"2022-04-28T11:17:16","guid":{"rendered":"https:\/\/blogs.larioja.com\/objetivo-25-kilos\/?p=487"},"modified":"2022-04-28T13:24:06","modified_gmt":"2022-04-28T11:24:06","slug":"y-si-llueve-el-17-de-abril-de-2023","status":"publish","type":"post","link":"https:\/\/blogs.larioja.com\/objetivo-25-kilos\/2022\/04\/28\/y-si-llueve-el-17-de-abril-de-2023\/","title":{"rendered":"\u00bfY si llueve el 17 de abril de 2023?"},"content":{"rendered":"<p>&nbsp;<\/p>\n<p><strong>\u00bfY si llueve el 17 de abril de 2023?<\/strong> Pues si llueve, que llueva.<\/p>\n<p>Ese d\u00eda, <strong>Mateo y yo saldremos a correr<\/strong>. Haga sol, nieve o llueva. Lo acabo de mirar, ser\u00e1 lunes. Buen d\u00eda para correr y empezar la semana con energ\u00edas.<\/p>\n<p>El <strong>compromiso es ineludible<\/strong>. El pasado 17 de abril, en la particular tourn\u00e9 baloncest\u00edstica por Andaluc\u00eda y Valencia, mi hijo dijo que quer\u00eda empezar a correr. Yo hace ya un par de a\u00f1os que dej\u00e9 de hacerlo (y as\u00ed me va), pero se me ocurri\u00f3 la idea de marcarme como objetivo a un a\u00f1o el volver a calzarme las zapatillas y poder salir con mi hijo mayor a la calle. <strong>No tendr\u00e9 oportunidad mejor. Si a Mateo le hace ilusi\u00f3n, a m\u00ed m\u00e1s.<\/strong><\/p>\n<p>Es una <strong>maravillosa oportunidad<\/strong> que se me ha presentado dentro del #Objetivo25kilos y <strong>Paula Gim\u00e9nez lo ve como factible y positivo como meta en el camino<\/strong> que estamos recorriendo de la mano de <strong><a href=\"https:\/\/www.nutriumpfg.com\/\">Nutrium<\/a><\/strong>.<\/p>\n<p>En la \u00faltima consulta con Paula <strong>pasamos lista a la Semana Santa<\/strong> y a los excesos. Yo<strong> me veo mejor de la rodilla<\/strong>, me duele menos y puedo hacer bicicleta est\u00e1tica sin mayores problemas. As\u00ed que estoy en fase positiva. Me he comprometido con la jefa a cuatro sesiones por semana. Eso s\u00ed, poco a poco.<\/p>\n<p>Mart\u00edn, por su parte, <strong>no ha tenido unos d\u00edas demasiado buenos<\/strong> f\u00edsicos, con el dichoso COVID-19 por medio, y est\u00e1 intentado recuperarse estos d\u00edas del baj\u00f3n an\u00edmico que le ha supuesto, con la consiguiente salida de la jaula.<\/p>\n<p>Si en la anterior consulta era yo el derrotado, decepcionado conmigo mismo, esta vez es mi compa\u00f1ero y amigo el que tiene que remontar el vuelo. <strong>Tenemos que buscar el punto para volver a reencontrarnos en nuestro camino<\/strong>. Seguro que lo hacemos pronto porque tenemos ganas de hacerlo y estamos <strong>en la mejor compa\u00f1\u00eda y con la mejor gu\u00eda<\/strong>.<\/p>\n<p>Lo bueno es que<strong> Mart\u00edn tambi\u00e9n tiene ya su objetivo<\/strong>: de nuevo el<strong> Camino de Santiago en bicicleta<\/strong> se cruza en su ruta, esta vez <strong>acompa\u00f1ado de su hija Martina<\/strong>. Otro reto ilusionante.<\/p>\n<p>As\u00ed que escribo este post desde el <strong>convencimiento de que los &#8216;Motivados&#8217; estamos de vuelta. Nada nos va a parar<\/strong>. Y me da igual si el 17 de abril de 2023 truena, llueve o nieva.<\/p>\n","protected":false},"excerpt":{"rendered":"<p>&nbsp; \u00bfY si llueve el 17 de abril de 2023? Pues si llueve, que llueva. Ese d\u00eda, Mateo y yo saldremos a correr. Haga sol, nieve o llueva. Lo acabo de mirar, ser\u00e1 lunes. Buen d\u00eda para correr y empezar la semana con energ\u00edas. El compromiso es ineludible. El pasado 17 de abril, en la [&hellip;]<\/p>\n","protected":false},"author":62,"featured_media":490,"comment_status":"open","ping_status":"closed","sticky":false,"template":"","format":"standard","meta":[],"categories":[1],"tags":[],"_links":{"self":[{"href":"https:\/\/blogs.larioja.com\/objetivo-25-kilos\/wp-json\/wp\/v2\/posts\/487"}],"collection":[{"href":"https:\/\/blogs.larioja.com\/objetivo-25-kilos\/wp-json\/wp\/v2\/posts"}],"about":[{"href":"https:\/\/blogs.larioja.com\/objetivo-25-kilos\/wp-json\/wp\/v2\/types\/post"}],"author":[{"embeddable":true,"href":"https:\/\/blogs.larioja.com\/objetivo-25-kilos\/wp-json\/wp\/v2\/users\/62"}],"replies":[{"embeddable":true,"href":"https:\/\/blogs.larioja.com\/objetivo-25-kilos\/wp-json\/wp\/v2\/comments?post=487"}],"version-history":[{"count":4,"href":"https:\/\/blogs.larioja.com\/objetivo-25-kilos\/wp-json\/wp\/v2\/posts\/487\/revisions"}],"predecessor-version":[{"id":489,"href":"https:\/\/blogs.larioja.com\/objetivo-25-kilos\/wp-json\/wp\/v2\/posts\/487\/revisions\/489"}],"wp:featuredmedia":[{"embeddable":true,"href":"https:\/\/blogs.larioja.com\/objetivo-25-kilos\/wp-json\/wp\/v2\/media\/490"}],"wp:attachment":[{"href":"https:\/\/blogs.larioja.com\/objetivo-25-kilos\/wp-json\/wp\/v2\/media?parent=487"}],"wp:term":[{"taxonomy":"category","embeddable":true,"href":"https:\/\/blogs.larioja.com\/objetivo-25-kilos\/wp-json\/wp\/v2\/categories?post=487"},{"taxonomy":"post_tag","embeddable":true,"href":"https:\/\/blogs.larioja.com\/objetivo-25-kilos\/wp-json\/wp\/v2\/tags?post=487"}],"curies":[{"name":"wp","href":"https:\/\/api.w.org\/{rel}","templated":true}]}}