{"id":88,"date":"2016-09-11T17:51:51","date_gmt":"2016-09-11T15:51:51","guid":{"rendered":"http:\/\/blogs.larioja.com\/objetivo-25-kilos\/?p=88"},"modified":"2016-09-11T17:51:51","modified_gmt":"2016-09-11T15:51:51","slug":"cambio-de-armario","status":"publish","type":"post","link":"https:\/\/blogs.larioja.com\/objetivo-25-kilos\/2016\/09\/11\/cambio-de-armario\/","title":{"rendered":"Cambio de armario"},"content":{"rendered":"<p><a href=\"\/objetivo-25-kilos\/wp-content\/uploads\/sites\/61\/2016\/09\/armario-comparacion400.jpg\"><img loading=\"lazy\" class=\"alignright size-full wp-image-93\" title=\"armario-comparacion400\" src=\"\/objetivo-25-kilos\/wp-content\/uploads\/sites\/61\/2016\/09\/armario-comparacion400.jpg\" alt=\"\" width=\"400\" height=\"356\" srcset=\"https:\/\/static-blogs.larioja.com\/wp-content\/uploads\/sites\/61\/2016\/09\/armario-comparacion400.jpg 400w, https:\/\/static-blogs.larioja.com\/wp-content\/uploads\/sites\/61\/2016\/09\/armario-comparacion400-300x267.jpg 300w\" sizes=\"(max-width: 400px) 100vw, 400px\" \/><\/a>Los m\u00e1s de 30 grados que estamos viendo en los term\u00f3metros d\u00eda s\u00ed y d\u00eda tambi\u00e9n este caluroso septiembre no hacen adivinar que el oto\u00f1o est\u00e1 a la vuelta de la esquina. Sin embargo, por estas fechas toca ya comenzar a planear el cambio de temporada en el armario para que empiecen a desaparecer las ropas veraniegas y florezcan los pantalones largos, las chaquetas y las cazadoras de \u2018entretiempo\u2019.<br \/>\nYo<strong> ya he hecho el cambio en mis armarios<\/strong>, pero no ha sido precisamente por ser m\u00e1s previsor que el resto y anticiparme a la llegada del fresco. <strong>Ha sido causado por una obligaci\u00f3n derivada de Objetivo 25 kilos<\/strong>. Si el oto\u00f1o es la temporada de la ca\u00edda de las hojas, <strong>el verano ha sido para m\u00ed el tiempo de la ca\u00edda de mis kilos y me ha forzado a descolgar perchas y a revisar bolsas de ropa olvidadas en el trastero<\/strong>.<br \/>\n<strong>Es lo que tiene haber perdido ya 18,7 kilos<\/strong>. Mi <strong>\u00faltimo paso por la moderna y chivata b\u00e1scula<\/strong> del <strong><a title=\"Centro Nutrium\" href=\"http:\/\/www.nutriumpfg.com\/\" target=\"_blank\">Centro de Nutrici\u00f3n y Diet\u00e9tica Nutrium<\/a><\/strong> desvel\u00f3 que <strong>las dos \u00faltimas semanas hab\u00eda dejado atr\u00e1s otros 2,3 kilos<\/strong> y que ya <strong>me voy acercando a las dos cifras. 103,5 kilos es mi peso actual<\/strong>. Lejanos quedan ya los 122,2 con los que empec\u00e9\u2026 y espero que se queden ah\u00ed, en la distancia, para siempre, y que no se acerquen ni un poco nunca m\u00e1s. <!--more--><br \/>\n<strong>Paula Fern\u00e1ndez<\/strong> me mostr\u00f3 el <strong>primer An\u00e1lisis de Composici\u00f3n Corporal<\/strong> que me realiz\u00f3 en la sesi\u00f3n inicial, el pasado 14 de junio, <strong>y el actual<\/strong>. <strong>La comparativa result\u00f3 asombrosa<\/strong>. Aparte de la cifra global del peso perdido, <strong>es alucinante ver uno junto a otro y confrontar algunos datos<\/strong>. Como el de la <strong>Masa Grasa<\/strong>, que ha pasado, de momento, <strong>de los 51,7 kilos del origen a los 34,5 actuales (42,3% del peso al 34,5%)<\/strong>, lo que me ha supuesto pasar <strong>de un estado Obeso a otro Alto pero bordeando ya lo saludable<\/strong>, y de un peso seg\u00fan el <strong>IMC<\/strong> que me situaba como un <strong>caso de Obesidad de Grado I, cercana al Grado II, a un tipo con un sobrepeso algo m\u00e1s natural pero que todav\u00eda es mejorable<\/strong>.<br \/>\n<strong>Me encuentro como nunca<\/strong>. No recuerdo el momento en el que me pude sentir mejor. <strong>Si no fuera por el dichoso tend\u00f3n de Aquiles<\/strong>, dir\u00eda que estoy cerca de mi imperfecci\u00f3n m\u00e1s perfecta a la que aspiraba en un principio, con visos de superar mis sue\u00f1os m\u00e1s optimistas.<br \/>\nAs\u00ed que ah\u00ed estoy, <strong>siguiendo los consejos de Paula y aplicando su variada y sana oferta alimenticia<\/strong> (atentos al <strong>pr\u00f3ximo post<\/strong>, en el que voy a daros <strong>todas las recetas y men\u00fas saludables que hemos visto hasta ahora y algunos nuevos, de cara a comer bien en este septiembre<\/strong> que se suele marcar como la vuelta (o el inicio) de las buenas costumbres y el abandono de los vicios estivales). Y, adem\u00e1s, <strong>contin\u00fao sudando la gota gorda a las \u00f3rdenes de Roberto Molina<\/strong> en el <strong><a title=\"Centro Las Gaunas\" href=\"http:\/\/crdlasgaunas.es\/\" target=\"_blank\">Centro de Fisioterapia y Medicina Deportiva Las Gaunas<\/a><\/strong> en esa combinaci\u00f3n perfecta de equilibrio alimenticio y deportivo.<br \/>\nComo se puede ver en la <strong>foto del comienzo de Objetivo 25 kilos y la actual<\/strong> (no ten\u00eda una imagen en la que estuviera solo, as\u00ed que os pongo \u00e9sta en la que salgo con mi mujer y ya de paso <strong>os presento a otro de los pilares b\u00e1sicos de este reto<\/strong> \u2013aqu\u00ed mi querida Carolina, aqu\u00ed mis queridos lectores, amigos y seguidores-), <strong>mis ropajes han cambiado un poco<\/strong>. <strong>Me he visto obligado -\u00a1bendita obligaci\u00f3n!- a despojarme de las camisas amplias y los pantalones m\u00e1s bien anchos y ya me atrevo con otros m\u00e1s ajustados<\/strong> en ambos casos.<\/p>\n<div id=\"attachment_89\" style=\"width: 310px\" class=\"wp-caption alignleft\"><a href=\"\/objetivo-25-kilos\/wp-content\/uploads\/sites\/61\/2016\/09\/armario.jpg\"><img aria-describedby=\"caption-attachment-89\" loading=\"lazy\" class=\"size-medium wp-image-89\" title=\"El armario ha cambiado mucho despu\u00e9s de tres meses.\" src=\"\/objetivo-25-kilos\/wp-content\/uploads\/sites\/61\/2016\/09\/armario.jpg\" alt=\"El armario ha cambiado mucho despu\u00e9s de tres meses.\" width=\"300\" height=\"168\" srcset=\"https:\/\/static-blogs.larioja.com\/wp-content\/uploads\/sites\/61\/2016\/09\/armario.jpg 1000w, https:\/\/static-blogs.larioja.com\/wp-content\/uploads\/sites\/61\/2016\/09\/armario-300x169.jpg 300w, https:\/\/static-blogs.larioja.com\/wp-content\/uploads\/sites\/61\/2016\/09\/armario-768x432.jpg 768w\" sizes=\"(max-width: 300px) 100vw, 300px\" \/><\/a><p id=\"caption-attachment-89\" class=\"wp-caption-text\">El armario ha cambiado mucho despu\u00e9s de tres meses.<\/p><\/div>\n<p>El caso es, como os dec\u00eda, he hecho la tradicional limpia de ropa y <strong>he sacado del armario las camisas que ahora me hacen verme como la reencarnaci\u00f3n del desaparecido Demis Roussos y sus blusones<\/strong> (s\u00ed, el enorme cantante griego que entonaba la m\u00edtica \u2018Ma\u00f1anas de teciopelo\u2019, esa en la que los espa\u00f1oles de pro convertimos el estribillo real de \u2018triki, triki, triki, triki, triki, mon amour\u2019 en el m\u00e1s castizo de \u2018<strong>triki, triki, triki, triki, triki, mamabu<\/strong>\u2019). Tambi\u00e9n <strong>he desechado una docena larga de pantalones (por dios, que mi mujer no lea este post\u2026)<\/strong> <strong>que ahora me servir\u00edan para disfrazarme en una funci\u00f3n de payaso<\/strong> y que precisar\u00edan, en caso de que me los pusiera, de un cintur\u00f3n de garant\u00edas para evitar dejarme con mis verg\u00fcenzas al aire si le diera por aflojarse y dejar a su libre albedr\u00edo la prenda que sujeta. Las <strong>dos tallas que he perdido<\/strong> junto a los cent\u00edmetros que va restando el metro de Paula son los culpables de que <strong>los pantalones que antes no so\u00f1aba ni con abrocharlos, ahora me entren sin problemas<\/strong> y m\u00e1s que holgados por toda la pierna <strong>y la cintura sin necesidad siquiera de desabotonarlos<\/strong>. Todos ellos <strong>han ido a parar al trastero<\/strong>.<br \/>\nQuiz\u00e1s <strong>deber\u00eda haber hecho caso a mi se\u00f1ora esposa y deshacerme de toda esa ropa<\/strong>. <strong>Estoy convencido de que esta vez s\u00ed, de que va a ser la definitiva, que no voy a tener que volver a abrir esas maletas<\/strong> y bolsas m\u00e1s que para vaciarlas y dejarlas libres para otros usos. He aprendido y he trabajado para llegar a adquirir unos h\u00e1bitos de alimentaci\u00f3n y deportivos saludables. Sigo aprendiendo y trabajando. Y estoy seguro de que aprender\u00e9 y trabajar\u00e9 m\u00e1s en el futuro, gracias a todo lo que me est\u00e1n haciendo interiorizar Paula y Roberto. <strong>Pero ahora las veo como ese arn\u00e9s de seguridad que me impide caer, que est\u00e1 ah\u00ed por si acaso fallo. Ahora no, quiz\u00e1s m\u00e1s adelante. Seguro que s\u00ed, pero m\u00e1s adelante<\/strong>.<br \/>\nEso s\u00ed, <strong>he recuperado ropa de hace una d\u00e9cada<\/strong>. Esa que<strong> si intentaba embutirme en ella me hac\u00eda parecerme a Hulk en pleno proceso de transformaci\u00f3n y destrucci\u00f3n<\/strong>. Yo creo que la mayor\u00eda de esas prendas sigue de moda, pero <strong>quiz\u00e1s ahora os encontr\u00e9is conmigo<\/strong> por la calle y <strong>me ve\u00e1is transformado en \u2018el hombre desactualizado\u2019 y me oig\u00e1is expresiones viejunas como \u2018chachi piruli\u2019, \u2018mola mogoll\u00f3n\u2019, \u2018qu\u00e9 pasa, tronco\u2019 o \u2018flipo en colores\u2019<\/strong>. \u00bfNo dicen que las modas vuelven, que son ciclos y todo gira para regresar m\u00e1s tarde o m\u00e1s temprano? Pues yo he reciclado mi moda pasada a la fuerza.<br \/>\n<strong>Puede ser que en unas semanas, cuando ya est\u00e9 muy cerquita de alcanzar la meta de mi reto, me lance a las tiendas en un arranque de consumismo desatado al estilo de Radio Futura y su \u2018Enamorado de la moda juvenil\u2019<\/strong> (\u00a1No! Otro arranque ochentero\u2026 \u00bfMe estar\u00e9 quedando ya obsoleto? \u00bfRecuperar\u00e9 las hombreras y los colores estridentes a lo Tino Casal?).<br \/>\n<strong>Que se prepare la temporada oto\u00f1o-invierno porque voy a por ella\u2026 si el tiempo (caluroso) no lo impide y la presidenta del estado independiente de mi casa no se opone demasiado a ello<\/strong>.<!--more--><\/p>\n","protected":false},"excerpt":{"rendered":"<p>Los m\u00e1s de 30 grados que estamos viendo en los term\u00f3metros d\u00eda s\u00ed y d\u00eda tambi\u00e9n este caluroso septiembre no hacen adivinar que el oto\u00f1o est\u00e1 a la vuelta de la esquina. Sin embargo, por estas fechas toca ya comenzar a planear el cambio de temporada en el armario para que empiecen a desaparecer las [&hellip;]<\/p>\n","protected":false},"author":62,"featured_media":93,"comment_status":"open","ping_status":"closed","sticky":false,"template":"","format":"standard","meta":[],"categories":[2],"tags":[],"_links":{"self":[{"href":"https:\/\/blogs.larioja.com\/objetivo-25-kilos\/wp-json\/wp\/v2\/posts\/88"}],"collection":[{"href":"https:\/\/blogs.larioja.com\/objetivo-25-kilos\/wp-json\/wp\/v2\/posts"}],"about":[{"href":"https:\/\/blogs.larioja.com\/objetivo-25-kilos\/wp-json\/wp\/v2\/types\/post"}],"author":[{"embeddable":true,"href":"https:\/\/blogs.larioja.com\/objetivo-25-kilos\/wp-json\/wp\/v2\/users\/62"}],"replies":[{"embeddable":true,"href":"https:\/\/blogs.larioja.com\/objetivo-25-kilos\/wp-json\/wp\/v2\/comments?post=88"}],"version-history":[{"count":0,"href":"https:\/\/blogs.larioja.com\/objetivo-25-kilos\/wp-json\/wp\/v2\/posts\/88\/revisions"}],"wp:featuredmedia":[{"embeddable":true,"href":"https:\/\/blogs.larioja.com\/objetivo-25-kilos\/wp-json\/wp\/v2\/media\/93"}],"wp:attachment":[{"href":"https:\/\/blogs.larioja.com\/objetivo-25-kilos\/wp-json\/wp\/v2\/media?parent=88"}],"wp:term":[{"taxonomy":"category","embeddable":true,"href":"https:\/\/blogs.larioja.com\/objetivo-25-kilos\/wp-json\/wp\/v2\/categories?post=88"},{"taxonomy":"post_tag","embeddable":true,"href":"https:\/\/blogs.larioja.com\/objetivo-25-kilos\/wp-json\/wp\/v2\/tags?post=88"}],"curies":[{"name":"wp","href":"https:\/\/api.w.org\/{rel}","templated":true}]}}