{"id":1053,"date":"2014-11-15T10:00:21","date_gmt":"2014-11-15T09:00:21","guid":{"rendered":"http:\/\/blogs.larioja.com\/penalti-y-expulsion\/?p=1053"},"modified":"2014-11-15T10:00:21","modified_gmt":"2014-11-15T09:00:21","slug":"radio-larioja-com-retransmitira-manana-en-streaming-el-partido-de-la-ud-logrones-en-valladolid","status":"publish","type":"post","link":"https:\/\/blogs.larioja.com\/penalti-y-expulsion\/2014\/11\/15\/radio-larioja-com-retransmitira-manana-en-streaming-el-partido-de-la-ud-logrones-en-valladolid\/","title":{"rendered":"radio.larioja.com retransmitir\u00e1 ma\u00f1ana en streaming el partido de la UD Logro\u00f1\u00e9s en Valladolid"},"content":{"rendered":"<p><a href=\"\/penalti-y-expulsion\/wp-content\/uploads\/sites\/109\/2014\/11\/radiolarioacom.jpg\"><img loading=\"lazy\" class=\"aligncenter size-full wp-image-1054\" title=\"radiolarioacom\" src=\"\/penalti-y-expulsion\/wp-content\/uploads\/sites\/109\/2014\/11\/radiolarioacom.jpg\" alt=\"\" width=\"591\" height=\"426\" srcset=\"https:\/\/static-blogs.larioja.com\/wp-content\/uploads\/sites\/109\/2014\/11\/radiolarioacom.jpg 591w, https:\/\/static-blogs.larioja.com\/wp-content\/uploads\/sites\/109\/2014\/11\/radiolarioacom-300x216.jpg 300w\" sizes=\"(max-width: 591px) 100vw, 591px\" \/><\/a><\/p>\n<p>La Uni\u00f3n Deportiva Logro\u00f1\u00e9s vuelve a las ondas, en esta ocasi\u00f3n, ondas 3.0 ya que a partir de este domingo<strong> <a href=\"http:\/\/www.larioja.com\" target=\"_blank\">www.larioja.com<\/a><\/strong>, portal l\u00edder en La Rioja, har\u00e1 llegar a todos los aficionados blanquirrojos lo que suceda en Valladolid, donde se miden el equipo local y el logro\u00f1\u00e9s <strong>a partir de las 15.45 horas.<\/strong><br \/>\nSergio Moreno ser\u00e1 el hombre encargado de contar todo lo que suceda en el anexo al estadio Jos\u00e9 Zorrilla. <strong>La retransmisi\u00f3n se podr\u00e1 seguir a trav\u00e9s de <a href=\"http:\/\/radio.larioja.com\" target=\"_blank\">radio.larioja.com.<\/a><\/strong> Simplemente, escribir la direcci\u00f3n de la p\u00e1gina web y acceder a la emoci\u00f3n del partido que dirimen el segundo clasificado, la UD Logro\u00f1\u00e9s, y el Valladolid, conjunto que tambi\u00e9n transita en la zona alta de la clasificaci\u00f3n y que ha sido capaz de ganar al Oviedo (4-3) y empatar con otros clubes punteros como Guijuelo (1-1) o Coruxo (2-2) en sus dos \u00faltimos compromisos.<br \/>\nMinutos antes del inicio del compromiso, los aficionados blanquirrojos podr\u00e1n comenzar a escuchar la \u00faltima hora del compromiso: ambiente, alineaciones y clasificaci\u00f3n de ambos conjuntos. A las 15.45 horas, arrancar\u00e1 la narraci\u00f3n del compromiso. As\u00ed, larioja.com se convierte en el \u00fanico medio riojano digital que llevar\u00e1 en directo todo lo que suceda sobre el terreno de juego pucelano, impresiones que se podr\u00e1n leer, en una amplia informaci\u00f3n en las p\u00e1ginas de Diario La Rioja, que se convierte tambi\u00e9n en el \u00fanico medio escrito que estar\u00e1 presente en el compromiso y podr\u00e1 contar de primera mano lo que sucede.<br \/>\nAdem\u00e1s, <strong>la emisi\u00f3n en streaming estar\u00e1 abierta a todos los aficionados que deseen participar y contactar a trav\u00e9s de la propia p\u00e1gina, por twitter o por facebook<\/strong> con Sergio Moreno que, en la medida de lo posible, resolver\u00e1 las dudas o interrogantes que se le presenten. Una v\u00eda m\u00e1s para acercar el f\u00fatbol a sus aficionados.<\/p>\n","protected":false},"excerpt":{"rendered":"<p>La Uni\u00f3n Deportiva Logro\u00f1\u00e9s vuelve a las ondas, en esta ocasi\u00f3n, ondas 3.0 ya que a partir de este domingo www.larioja.com, portal l\u00edder en La Rioja, har\u00e1 llegar a todos los aficionados blanquirrojos lo que suceda en Valladolid, donde se miden el equipo local y el logro\u00f1\u00e9s a partir de las 15.45 horas. Sergio Moreno [&hellip;]<\/p>\n","protected":false},"author":12575,"featured_media":0,"comment_status":"open","ping_status":"open","sticky":false,"template":"","format":"standard","meta":[],"categories":[2,7,12,13],"tags":[161,264,289,404,465],"_links":{"self":[{"href":"https:\/\/blogs.larioja.com\/penalti-y-expulsion\/wp-json\/wp\/v2\/posts\/1053"}],"collection":[{"href":"https:\/\/blogs.larioja.com\/penalti-y-expulsion\/wp-json\/wp\/v2\/posts"}],"about":[{"href":"https:\/\/blogs.larioja.com\/penalti-y-expulsion\/wp-json\/wp\/v2\/types\/post"}],"author":[{"embeddable":true,"href":"https:\/\/blogs.larioja.com\/penalti-y-expulsion\/wp-json\/wp\/v2\/users\/12575"}],"replies":[{"embeddable":true,"href":"https:\/\/blogs.larioja.com\/penalti-y-expulsion\/wp-json\/wp\/v2\/comments?post=1053"}],"version-history":[{"count":0,"href":"https:\/\/blogs.larioja.com\/penalti-y-expulsion\/wp-json\/wp\/v2\/posts\/1053\/revisions"}],"wp:attachment":[{"href":"https:\/\/blogs.larioja.com\/penalti-y-expulsion\/wp-json\/wp\/v2\/media?parent=1053"}],"wp:term":[{"taxonomy":"category","embeddable":true,"href":"https:\/\/blogs.larioja.com\/penalti-y-expulsion\/wp-json\/wp\/v2\/categories?post=1053"},{"taxonomy":"post_tag","embeddable":true,"href":"https:\/\/blogs.larioja.com\/penalti-y-expulsion\/wp-json\/wp\/v2\/tags?post=1053"}],"curies":[{"name":"wp","href":"https:\/\/api.w.org\/{rel}","templated":true}]}}