{"id":1118,"date":"2015-02-01T10:00:32","date_gmt":"2015-02-01T09:00:32","guid":{"rendered":"http:\/\/blogs.larioja.com\/penalti-y-expulsion\/?p=1118"},"modified":"2015-02-01T10:00:32","modified_gmt":"2015-02-01T09:00:32","slug":"la-ud-logrones-se-examina-de-varias-asignaturas-ante-el-tropezon","status":"publish","type":"post","link":"https:\/\/blogs.larioja.com\/penalti-y-expulsion\/2015\/02\/01\/la-ud-logrones-se-examina-de-varias-asignaturas-ante-el-tropezon\/","title":{"rendered":"La UD Logro\u00f1\u00e9s se examina de varias asignaturas ante el Tropez\u00f3n"},"content":{"rendered":"<p><object id=\"flashObj\" width=\"640\" height=\"360\" classid=\"clsid:d27cdb6e-ae6d-11cf-96b8-444553540000\" codebase=\"http:\/\/download.macromedia.com\/pub\/shockwave\/cabs\/flash\/swflash.cab#version=6,0,40,0\"><param name=\"flashVars\" value=\"web=externos&#038;videoId=4024988698001&#038;playerID=309010007001&#038;playerKey=AQ%2E%2E,AAAAFDJ-TSE%2E,eFSL4vuVYzn_b8K-gMniCenBJ4wWcaeB&#038;domain=embed&#038;dynamicStreaming=true\" \/><param name=\"base\" value=\"http:\/\/admin.brightcove.com\" \/><param name=\"wmode\" value=\"transparent\" \/><param name=\"seamlesstabbing\" value=\"false\" \/><param name=\"allowFullScreen\" value=\"true\" \/><param name=\"swLiveConnect\" value=\"true\" \/><param name=\"allowScriptAccess\" value=\"always\" \/><param name=\"src\" value=\"http:\/\/c.brightcove.com\/services\/viewer\/federated_f9?isVid=1&#038;isUI=1\" \/><param name=\"flashvars\" value=\"web=externos&#038;videoId=4024988698001&#038;playerID=309010007001&#038;playerKey=AQ%2E%2E,AAAAFDJ-TSE%2E,eFSL4vuVYzn_b8K-gMniCenBJ4wWcaeB&#038;domain=embed&#038;dynamicStreaming=true\" \/><param name=\"allowfullscreen\" value=\"true\" \/><param name=\"allowscriptaccess\" value=\"always\" \/><param name=\"swliveconnect\" value=\"true\" \/><param name=\"pluginspage\" value=\"http:\/\/www.macromedia.com\/shockwave\/download\/index.cgi?P1_Prod_Version=ShockwaveFlash\" \/><embed id=\"flashObj\" width=\"640\" height=\"360\" type=\"application\/x-shockwave-flash\" src=\"\/\/c.brightcove.com\/services\/viewer\/federated_f9?isVid=1&#038;isUI=1\" flashVars=\"web=externos&#038;videoId=4024988698001&#038;playerID=309010007001&#038;playerKey=AQ%2E%2E,AAAAFDJ-TSE%2E,eFSL4vuVYzn_b8K-gMniCenBJ4wWcaeB&#038;domain=embed&#038;dynamicStreaming=true\" base=\"http:\/\/admin.brightcove.com\" wmode=\"transparent\" seamlesstabbing=\"false\" allowFullScreen=\"true\" swLiveConnect=\"true\" allowScriptAccess=\"always\" flashvars=\"web=externos&#038;videoId=4024988698001&#038;playerID=309010007001&#038;playerKey=AQ%2E%2E,AAAAFDJ-TSE%2E,eFSL4vuVYzn_b8K-gMniCenBJ4wWcaeB&#038;domain=embed&#038;dynamicStreaming=true\" allowfullscreen=\"true\" allowscriptaccess=\"always\" swliveconnect=\"true\" pluginspage=\"http:\/\/www.macromedia.com\/shockwave\/download\/index.cgi?P1_Prod_Version=ShockwaveFlash\" \/><\/object><\/p>\n<p>La UD Logro\u00f1\u00e9s se mide esta tarde en el campo de Santa Ana de Tanos al Tropez\u00f3n. La presencia de <strong>Antxon Muneta<\/strong> en una lista de 18 jugadores es la gran novedad riojana, si bien todo apunta a que vera el partido desde la grada, ya que a\u00fan no se ha entrenado con su nuevo equipo.<\/p>\n<p>Carlos Pouso analiza el partido, al rival y no oculta lo que buscan sus hombres en el campo c\u00e1ntabro. Los riojanos no ganan lejos de Las Gaunas desde el 19 de octubre, cuando vencieron en <strong>Avil\u00e9s<\/strong>. Y desde aquelas semanas tampoco enlazan <strong>dos victorias consecutivas<\/strong>. Ambos son pilares importantes para estar entre los mejores.<\/p>\n<p>El partido se puede <strong>seguir en directo<\/strong> a partir de las 16.45 horas por <a href=\"http:\/\/www.larioja.com\">www.larioja.com<\/a>. Sergio Moreno ser\u00e1 el encargado de narrar esos intensos 90 minutos en Tanos.<\/p>\n<p>&nbsp;<\/p>\n","protected":false},"excerpt":{"rendered":"<p>La UD Logro\u00f1\u00e9s se mide esta tarde en el campo de Santa Ana de Tanos al Tropez\u00f3n. La presencia de Antxon Muneta en una lista de 18 jugadores es la gran novedad riojana, si bien todo apunta a que vera el partido desde la grada, ya que a\u00fan no se ha entrenado con su nuevo [&hellip;]<\/p>\n","protected":false},"author":12575,"featured_media":0,"comment_status":"open","ping_status":"open","sticky":false,"template":"","format":"standard","meta":[],"categories":[2,7,12,13],"tags":[218,238,273,311,389,446,471,495,512],"_links":{"self":[{"href":"https:\/\/blogs.larioja.com\/penalti-y-expulsion\/wp-json\/wp\/v2\/posts\/1118"}],"collection":[{"href":"https:\/\/blogs.larioja.com\/penalti-y-expulsion\/wp-json\/wp\/v2\/posts"}],"about":[{"href":"https:\/\/blogs.larioja.com\/penalti-y-expulsion\/wp-json\/wp\/v2\/types\/post"}],"author":[{"embeddable":true,"href":"https:\/\/blogs.larioja.com\/penalti-y-expulsion\/wp-json\/wp\/v2\/users\/12575"}],"replies":[{"embeddable":true,"href":"https:\/\/blogs.larioja.com\/penalti-y-expulsion\/wp-json\/wp\/v2\/comments?post=1118"}],"version-history":[{"count":0,"href":"https:\/\/blogs.larioja.com\/penalti-y-expulsion\/wp-json\/wp\/v2\/posts\/1118\/revisions"}],"wp:attachment":[{"href":"https:\/\/blogs.larioja.com\/penalti-y-expulsion\/wp-json\/wp\/v2\/media?parent=1118"}],"wp:term":[{"taxonomy":"category","embeddable":true,"href":"https:\/\/blogs.larioja.com\/penalti-y-expulsion\/wp-json\/wp\/v2\/categories?post=1118"},{"taxonomy":"post_tag","embeddable":true,"href":"https:\/\/blogs.larioja.com\/penalti-y-expulsion\/wp-json\/wp\/v2\/tags?post=1118"}],"curies":[{"name":"wp","href":"https:\/\/api.w.org\/{rel}","templated":true}]}}