{"id":1126,"date":"2015-02-03T19:06:53","date_gmt":"2015-02-03T18:06:53","guid":{"rendered":"http:\/\/blogs.larioja.com\/penalti-y-expulsion\/?p=1126"},"modified":"2015-02-03T19:06:53","modified_gmt":"2015-02-03T18:06:53","slug":"guillermo-esteban-jugara-con-espana-sub16-el-torneo-de-portugal","status":"publish","type":"post","link":"https:\/\/blogs.larioja.com\/penalti-y-expulsion\/2015\/02\/03\/guillermo-esteban-jugara-con-espana-sub16-el-torneo-de-portugal\/","title":{"rendered":"Guillermo Esteban jugar\u00e1 con Espa\u00f1a sub&#039;16 el torneo de Portugal"},"content":{"rendered":"<div id=\"attachment_1127\" style=\"width: 447px\" class=\"wp-caption aligncenter\"><a href=\"\/penalti-y-expulsion\/wp-content\/uploads\/sites\/109\/2015\/02\/Guille.jpg\"><img aria-describedby=\"caption-attachment-1127\" loading=\"lazy\" class=\" wp-image-1127    \" src=\"\/penalti-y-expulsion\/wp-content\/uploads\/sites\/109\/2015\/02\/Guille.jpg\" alt=\"\" width=\"437\" height=\"342\" srcset=\"https:\/\/static-blogs.larioja.com\/wp-content\/uploads\/sites\/109\/2015\/02\/Guille.jpg 787w, https:\/\/static-blogs.larioja.com\/wp-content\/uploads\/sites\/109\/2015\/02\/Guille-300x235.jpg 300w, https:\/\/static-blogs.larioja.com\/wp-content\/uploads\/sites\/109\/2015\/02\/Guille-768x602.jpg 768w\" sizes=\"(max-width: 437px) 100vw, 437px\" \/><\/a><p id=\"caption-attachment-1127\" class=\"wp-caption-text\">Guillermo Esteban, en la Ciudad del F\u00fatbol de Las Rozas<\/p><\/div>\n<p>Guillermo Esteban, jugador del Comillas, ha sido convocado por Espa\u00f1a sub&#8217;16 para disputar el torneo que organiza la UEFA en Algarve (Portugal) y que se disputar\u00e1 <strong>del 10 al 16 de febrero.<\/strong> <strong>Adem\u00e1s, del combinado hispano tambi\u00e9n acuden a la cita Pa\u00edses Bajos, Alemania y Portugal.<\/strong><\/p>\n<p>Espa\u00f1a debutar\u00e1 el 12 de febrero frente a Pa\u00edses Bajos; el 14 de febrero se medir\u00e1 a Alemania y el 16 de febrero concluir\u00e1 su participaci\u00f3n ante Portugal. Guillermo Esteban (defensa central) milita en el Juvenil Nacional del Comillas que entrena Gerardo Garc\u00eda Le\u00f3n. El riojano acudi\u00f3 la pasada semana a Madrid, a la Ciudad del F\u00fatbol, para participar en los entrenamientos que se celebraron durante tres d\u00edas y que han servido para confeccionar la lista de jugadores que acudir\u00e1 a esta cita.<\/p>\n<p>&nbsp;<\/p>\n<p>&nbsp;<\/p>\n","protected":false},"excerpt":{"rendered":"<p>Guillermo Esteban, jugador del Comillas, ha sido convocado por Espa\u00f1a sub&#8217;16 para disputar el torneo que organiza la UEFA en Algarve (Portugal) y que se disputar\u00e1 del 10 al 16 de febrero. Adem\u00e1s, del combinado hispano tambi\u00e9n acuden a la cita Pa\u00edses Bajos, Alemania y Portugal. Espa\u00f1a debutar\u00e1 el 12 de febrero frente a Pa\u00edses [&hellip;]<\/p>\n","protected":false},"author":12575,"featured_media":0,"comment_status":"open","ping_status":"open","sticky":false,"template":"","format":"standard","meta":[],"categories":[2,4],"tags":[37,187,246,281,311,388,487,503],"_links":{"self":[{"href":"https:\/\/blogs.larioja.com\/penalti-y-expulsion\/wp-json\/wp\/v2\/posts\/1126"}],"collection":[{"href":"https:\/\/blogs.larioja.com\/penalti-y-expulsion\/wp-json\/wp\/v2\/posts"}],"about":[{"href":"https:\/\/blogs.larioja.com\/penalti-y-expulsion\/wp-json\/wp\/v2\/types\/post"}],"author":[{"embeddable":true,"href":"https:\/\/blogs.larioja.com\/penalti-y-expulsion\/wp-json\/wp\/v2\/users\/12575"}],"replies":[{"embeddable":true,"href":"https:\/\/blogs.larioja.com\/penalti-y-expulsion\/wp-json\/wp\/v2\/comments?post=1126"}],"version-history":[{"count":0,"href":"https:\/\/blogs.larioja.com\/penalti-y-expulsion\/wp-json\/wp\/v2\/posts\/1126\/revisions"}],"wp:attachment":[{"href":"https:\/\/blogs.larioja.com\/penalti-y-expulsion\/wp-json\/wp\/v2\/media?parent=1126"}],"wp:term":[{"taxonomy":"category","embeddable":true,"href":"https:\/\/blogs.larioja.com\/penalti-y-expulsion\/wp-json\/wp\/v2\/categories?post=1126"},{"taxonomy":"post_tag","embeddable":true,"href":"https:\/\/blogs.larioja.com\/penalti-y-expulsion\/wp-json\/wp\/v2\/tags?post=1126"}],"curies":[{"name":"wp","href":"https:\/\/api.w.org\/{rel}","templated":true}]}}