{"id":1129,"date":"2015-02-10T21:23:02","date_gmt":"2015-02-10T20:23:02","guid":{"rendered":"http:\/\/blogs.larioja.com\/penalti-y-expulsion\/?p=1129"},"modified":"2015-02-10T21:23:02","modified_gmt":"2015-02-10T20:23:02","slug":"la-federacion-riojana-paraliza-su-competicion-este-fin-de-semana","status":"publish","type":"post","link":"https:\/\/blogs.larioja.com\/penalti-y-expulsion\/2015\/02\/10\/la-federacion-riojana-paraliza-su-competicion-este-fin-de-semana\/","title":{"rendered":"La Federaci\u00f3n Riojana paraliza su competici\u00f3n este fin de semana"},"content":{"rendered":"<p>Sin f\u00fatbol en La Rioja. Y esta vez no es por las nieves. Es por decisi\u00f3n de la Federaci\u00f3n Riojana de F\u00fatbol. <strong>Este fin de semana no habr\u00e1 ni un partido en los campos de La Rioja.<\/strong> S\u00f3lo se libran de esta paralizaci\u00f3n los equipos riojanos que militan en categor\u00edas nacionales que no dependen de la Riojana, salvo Tercera Divisi\u00f3n, que si rige bajo los designios del ente que dirige Jacinto Alonso.<\/p>\n<p>El presidente riojano estuvo ayer en Madrid, en la Federaci\u00f3n Espa\u00f1ola de F\u00fatbol. All\u00ed departi\u00f3, entre otros, con \u00c1ngel Villar, presidente, y Juan Padr\u00f3n, vicepresidente y m\u00e1ximo responsables de la Territorial Tinerfe\u00f1a. Alonso contaba con el benepl\u00e1cito de su junta directiva, reunida el s\u00e1bado de urgencia, para dar el s\u00ed a Villar y paralizar el f\u00fatbol este fin de semana.<\/p>\n<p><strong>Las razones que esgrimen las diferentes federaciones, siempre en apoyo a la Espa\u00f1ola, se resumen en puntos muy \u00a0concretos.<\/strong> Primero, est\u00e1n en contra de la regularizaci\u00f3n que quiere hacer el Consejo Superior de Deportes (CSD) del f\u00fatbol base espa\u00f1ol \u00a0y de su intenci\u00f3n de que t\u00e9cnicos y monitores coticen a la Seguridad Social y a Hacienda. Segundo, est\u00e1n en contra de lo que en Madrid consideran una continua ingerencia del CSD en la Federaci\u00f3n Espa\u00f1ola. Tercero, la Federaci\u00f3n Riojana muestra su disconformidad con el reparto del dinero que llega de las quinielas; y cuarto, tampoco hay acuerdo con la negociaci\u00f3n y reparto de los derechos telesivos.<\/p>\n<p><strong>Por resumir, este fin de semana no hay f\u00fatbol. M\u00e1s informaci\u00f3n, este mi\u00e9rcoles en Diario La Rioja.\u00a0<\/strong><\/p>\n<p><strong>El comunicado<\/strong><\/p>\n<table style=\"color: #000000;font-family: Tahoma, Verdana, Arial;font-size: 11px;background-color: #ffffff\" width=\"100%\" border=\"0\" cellspacing=\"0\" cellpadding=\"2\">\n<tbody>\n<tr>\n<td class=\"titulo_not\" style=\"font-family: Georgia, 'Times New Roman', Times, serif;font-size: 18px;font-weight: bold;margin-top: 5px;padding-bottom: 5px;margin-left: 10px;margin-right: 10px\">Nota Informativa &#8211; Sobre la paralizaci\u00f3n de las competiciones<\/td>\n<\/tr>\n<tr>\n<td style=\"font-family: Tahoma, Verdana, Arial\" height=\"8\"><\/td>\n<\/tr>\n<tr>\n<td class=\"textoentradilla\" style=\"font-family: Tahoma, Verdana, Arial;font-size: 12px;font-weight: bold;color: #0b44b4\" valign=\"middle\">\n<div style=\"text-align: justify\">De conformidad con los Estatutos de la Federaci\u00f3n Riojana de F\u00fatbol, su Junta Directiva ha adoptado por unanimidad el acuerdo de paralizar sus competiciones de \u00e1mbito territorial, as\u00ed como las delegadas, los pr\u00f3ximos d\u00edas\u00a0 14 y 15 de febrero de los corrientes.<\/div>\n<\/td>\n<\/tr>\n<tr align=\"center\">\n<td style=\"font-family: Tahoma, Verdana, Arial\" colspan=\"2\"><\/td>\n<\/tr>\n<tr>\n<td style=\"font-family: Tahoma, Verdana, Arial\" height=\"8\"><\/td>\n<\/tr>\n<tr>\n<td class=\"cuerpo_noticia\" style=\"font-family: Tahoma, Verdana, Arial\">\n<div style=\"text-align: justify\">La decisi\u00f3n adoptada tiene su fundamento principal en el necesario apoyo y defensa de los intereses del deporte de base y aficionado frente a las acciones llevadas a cabo por el Consejo Superior de Deportes concretadas en lo siguiente:-\u00a0El Estudio efectuado por miembros del citado Consejo y del Ministerio de Empleo y Seguridad Social sobre la actividad deportiva desarrollada en los clubes y entidades deportivas sin \u00e1nimo de lucro, que evidencia el desconocimiento de la realidad del \u00e1mbito deportivo aficionado y de su importancia para el desarrollo de la educaci\u00f3n deportiva, obviando la necesidad de una regularizaci\u00f3n con las particularidades inherentes a su propia idiosincrasia.-\u00a0El Proyecto de Real Decreto sobre comercializaci\u00f3n centralizada de derechos audiovisuales de las competiciones profesionales, que obvia por completo los intereses del F\u00fatbol aficionado, pretendiendo regular los mismos a espaldas de la RFEF y sus territoriales, que ostentan la titularidad y organizaci\u00f3n de las competiciones.<\/p>\n<\/div>\n<div style=\"text-align: justify\"><\/div>\n<div style=\"text-align: justify\">&#8211;\u00a0La injerencia del Consejo Superior de Deportes en la Real Federaci\u00f3n Espa\u00f1ola de F\u00fatbol, con su inevitable incidencia sobre las propias Federaciones Territoriales.<\/div>\n<div style=\"text-align: justify\"><\/div>\n<div style=\"text-align: justify\">&#8211;\u00a0Disconformidad con el reparto de fondos procedentes de la Quinielas, con una patente discriminaci\u00f3n entre el f\u00fatbol profesional y el aficionado, habiendo manifestado la RFEF su desacuerdo con la disminuci\u00f3n de las partidas destinadas a la Federaciones Territoriales para la mejora y creaci\u00f3n de nuevas instalaciones.El evidente malestar provocado por estas actuaciones que afectan gravemente al desarrollo del F\u00fatbol Aficionado, a nivel nacional y territorial, ha obligado a la Junta Directiva de la Federaci\u00f3n Riojana de F\u00fatbol, en defensa de sus clubes y de los deportistas riojanos, a tomar la medida indicada, dejando claro que esta Federaci\u00f3n se opone a los planteamientos adoptados por el Consejo Superior de Deportes.Esta Federaci\u00f3n tambi\u00e9n quiere agradecer los esfuerzos que por parte de la Direcci\u00f3n General del Deporte de la Consejer\u00eda de Presidencia y Justicia del Gobierno de La Rioja se est\u00e1n realizando para regular la actividad deportiva de los clubes de base, teniendo en cuenta sus peculiaridades haciendo, a tal fin, las oportunas propuestas al Consejo Superior de Deportes.<\/p>\n<p>De igual modo, la propia Junta Directiva de la Federaci\u00f3n Riojana de F\u00fatbol facult\u00f3 a su Presidente, D. Jacinto A. Alonso Mara\u00f1\u00f3n, de conformidad con el contenido de sus Estatutos, a fin de que pudiera adoptar las medidas oportunas para llevar a cabo la paralizaci\u00f3n indicada o tomar la decisi\u00f3n que corresponda si se produce una variaci\u00f3n de la actual situaci\u00f3n que responda a las leg\u00edtimas demandas que defiende esta Federaci\u00f3n en apoyo del F\u00fatbol Aficionado y del f\u00fatbol Riojano en general.<\/p>\n<\/div>\n<\/td>\n<\/tr>\n<\/tbody>\n<\/table>\n<p>&nbsp;<\/p>\n","protected":false},"excerpt":{"rendered":"<p>Sin f\u00fatbol en La Rioja. Y esta vez no es por las nieves. Es por decisi\u00f3n de la Federaci\u00f3n Riojana de F\u00fatbol. Este fin de semana no habr\u00e1 ni un partido en los campos de La Rioja. S\u00f3lo se libran de esta paralizaci\u00f3n los equipos riojanos que militan en categor\u00edas nacionales que no dependen de [&hellip;]<\/p>\n","protected":false},"author":12575,"featured_media":0,"comment_status":"open","ping_status":"open","sticky":false,"template":"","format":"standard","meta":[],"categories":[2,4,11],"tags":[38,80,91,208,253,261,281],"_links":{"self":[{"href":"https:\/\/blogs.larioja.com\/penalti-y-expulsion\/wp-json\/wp\/v2\/posts\/1129"}],"collection":[{"href":"https:\/\/blogs.larioja.com\/penalti-y-expulsion\/wp-json\/wp\/v2\/posts"}],"about":[{"href":"https:\/\/blogs.larioja.com\/penalti-y-expulsion\/wp-json\/wp\/v2\/types\/post"}],"author":[{"embeddable":true,"href":"https:\/\/blogs.larioja.com\/penalti-y-expulsion\/wp-json\/wp\/v2\/users\/12575"}],"replies":[{"embeddable":true,"href":"https:\/\/blogs.larioja.com\/penalti-y-expulsion\/wp-json\/wp\/v2\/comments?post=1129"}],"version-history":[{"count":0,"href":"https:\/\/blogs.larioja.com\/penalti-y-expulsion\/wp-json\/wp\/v2\/posts\/1129\/revisions"}],"wp:attachment":[{"href":"https:\/\/blogs.larioja.com\/penalti-y-expulsion\/wp-json\/wp\/v2\/media?parent=1129"}],"wp:term":[{"taxonomy":"category","embeddable":true,"href":"https:\/\/blogs.larioja.com\/penalti-y-expulsion\/wp-json\/wp\/v2\/categories?post=1129"},{"taxonomy":"post_tag","embeddable":true,"href":"https:\/\/blogs.larioja.com\/penalti-y-expulsion\/wp-json\/wp\/v2\/tags?post=1129"}],"curies":[{"name":"wp","href":"https:\/\/api.w.org\/{rel}","templated":true}]}}