{"id":927,"date":"2014-06-25T10:39:04","date_gmt":"2014-06-25T09:39:04","guid":{"rendered":"http:\/\/blogs.larioja.com\/penalti-y-expulsion\/?p=927"},"modified":"2014-06-25T10:39:04","modified_gmt":"2014-06-25T09:39:04","slug":"la-ud-logrones-busca-portero-titular-y-un-9-con-gol","status":"publish","type":"post","link":"https:\/\/blogs.larioja.com\/penalti-y-expulsion\/2014\/06\/25\/la-ud-logrones-busca-portero-titular-y-un-9-con-gol\/","title":{"rendered":"La UD Logro\u00f1\u00e9s busca portero titular y un &#039;9&#039; con gol"},"content":{"rendered":"<p>La UD Logro\u00f1\u00e9s ha iniciado un par\u00e9ntesis p\u00fablico en su pol\u00edtica de fichajes, aunque sigue trabajando en la composici\u00f3n de una plantilla que est\u00e1 a la espera de descartes de equipos de Segunda Divisi\u00f3n y tambi\u00e9n de punteros de la categor\u00eda de bronce. Si no ocurre nada extra\u00f1o, la entidad anunciar\u00e1 en los pr\u00f3ximos d\u00edas la contrataci\u00f3n de<strong> Iker Alegre<\/strong>, aunque en este momento asegure que no hay \u2018nada\u2019 con el extremo gijon\u00e9s. En este escenario, el club se afana en cimentar con buen hormig\u00f3n, bien cargadito, dos de los pilares principales de su proyecto: la porter\u00eda y la delantera. \u00a0<span style=\"font-size: 13px;\">En la porter\u00eda se ha relacionado a la UD Logro\u00f1\u00e9s con dos nombres: <strong>Jon Ander Serantes<\/strong> (25 a\u00f1os), portero que ha acabado contrato con el Athletic, e <strong>Imanol El\u00edas (<\/strong>24 a\u00f1os), que visit\u00f3 Las Gaunas con el Zamora.\u00a0Desde la entidad blanquirroja se asegura que \u00abno hay oferta alguna\u00bb por\u00a0<\/span><span style=\"font-size: 13px;\">por ninguno de ellos.<\/span><\/p>\n<p><strong>Toda la informaci\u00f3n den Diario La Rioja y Kiosco y M\u00e1s<\/strong><\/p>\n","protected":false},"excerpt":{"rendered":"<p>La UD Logro\u00f1\u00e9s ha iniciado un par\u00e9ntesis p\u00fablico en su pol\u00edtica de fichajes, aunque sigue trabajando en la composici\u00f3n de una plantilla que est\u00e1 a la espera de descartes de equipos de Segunda Divisi\u00f3n y tambi\u00e9n de punteros de la categor\u00eda de bronce. Si no ocurre nada extra\u00f1o, la entidad anunciar\u00e1 en los pr\u00f3ximos d\u00edas [&hellip;]<\/p>\n","protected":false},"author":12575,"featured_media":0,"comment_status":"open","ping_status":"open","sticky":false,"template":"","format":"standard","meta":[],"categories":[7,12,13],"tags":[175,200,218,311,449],"_links":{"self":[{"href":"https:\/\/blogs.larioja.com\/penalti-y-expulsion\/wp-json\/wp\/v2\/posts\/927"}],"collection":[{"href":"https:\/\/blogs.larioja.com\/penalti-y-expulsion\/wp-json\/wp\/v2\/posts"}],"about":[{"href":"https:\/\/blogs.larioja.com\/penalti-y-expulsion\/wp-json\/wp\/v2\/types\/post"}],"author":[{"embeddable":true,"href":"https:\/\/blogs.larioja.com\/penalti-y-expulsion\/wp-json\/wp\/v2\/users\/12575"}],"replies":[{"embeddable":true,"href":"https:\/\/blogs.larioja.com\/penalti-y-expulsion\/wp-json\/wp\/v2\/comments?post=927"}],"version-history":[{"count":0,"href":"https:\/\/blogs.larioja.com\/penalti-y-expulsion\/wp-json\/wp\/v2\/posts\/927\/revisions"}],"wp:attachment":[{"href":"https:\/\/blogs.larioja.com\/penalti-y-expulsion\/wp-json\/wp\/v2\/media?parent=927"}],"wp:term":[{"taxonomy":"category","embeddable":true,"href":"https:\/\/blogs.larioja.com\/penalti-y-expulsion\/wp-json\/wp\/v2\/categories?post=927"},{"taxonomy":"post_tag","embeddable":true,"href":"https:\/\/blogs.larioja.com\/penalti-y-expulsion\/wp-json\/wp\/v2\/tags?post=927"}],"curies":[{"name":"wp","href":"https:\/\/api.w.org\/{rel}","templated":true}]}}